{"id":7591,"date":"2026-04-28T19:18:43","date_gmt":"2026-04-28T17:18:43","guid":{"rendered":"https:\/\/sports33.fr\/?p=7591"},"modified":"2026-04-28T19:18:43","modified_gmt":"2026-04-28T17:18:43","slug":"lincontournable-eyembet","status":"publish","type":"post","link":"https:\/\/sports33.fr\/?p=7591","title":{"rendered":"L\u2019incontournable Eyembet"},"content":{"rendered":"<p>[et_pb_section fb_built=\u00a0\u00bb1&Prime; _builder_version=\u00a0\u00bb4.27.4&Prime; _module_preset=\u00a0\u00bbdefault\u00a0\u00bb global_colors_info=\u00a0\u00bb{}\u00a0\u00bb theme_builder_area=\u00a0\u00bbpost_content\u00a0\u00bb][et_pb_row _builder_version=\u00a0\u00bb4.27.4&Prime; _module_preset=\u00a0\u00bbdefault\u00a0\u00bb global_colors_info=\u00a0\u00bb{}\u00a0\u00bb theme_builder_area=\u00a0\u00bbpost_content\u00a0\u00bb][et_pb_column type=\u00a0\u00bb4_4&Prime; _builder_version=\u00a0\u00bb4.27.4&Prime; _module_preset=\u00a0\u00bbdefault\u00a0\u00bb global_colors_info=\u00a0\u00bb{}\u00a0\u00bb theme_builder_area=\u00a0\u00bbpost_content\u00a0\u00bb][et_pb_text _builder_version=\u00a0\u00bb4.27.6&Prime; _module_preset=\u00a0\u00bbdefault\u00a0\u00bb hover_enabled=\u00a0\u00bb0&Prime; global_colors_info=\u00a0\u00bb{}\u00a0\u00bb theme_builder_area=\u00a0\u00bbpost_content\u00a0\u00bb sticky_enabled=\u00a0\u00bb0&Prime;]<\/p>\n<p style=\"text-align: center;\"><b>L\u2019INCONTOURNABLE EYEMBET<\/b><\/p>\n<p><b>Capitaine de l\u2019Entente Pessac Basket, en Pr\u00e9nationale, Eyembet Bombo s\u2019affirme comme un \u00e9l\u00e9ment de base d\u2019une \u00e9quipe promue qui a parfaitement tenu sa place cette saison.<\/b><\/p>\n<p>L\u2019aura est naturelle. Et Eyembet Bombo ne le cache pas : \u00ab\u00a0Le leadership, c\u2019est ma force. Le brassard de capitaine ne me g\u00eane pas. Au contraire, j\u2019aime communiquer avec toute l\u2019\u00e9quipe, m\u2019adresser \u00e0 tous les joueurs qu\u2019ils soient exp\u00e9riment\u00e9s ou d\u00e9butants. C\u2019est un r\u00f4le que j\u2019affectionne.\u00a0\u00bb<\/p>\n<p>Un leader \u00f4 combien pr\u00e9cieux pour une \u00e9quipe de Pessac, promue en Pr\u00e9nationale cette saison, et qui vit un exercice plus que satisfaisant avec une sixi\u00e8me place actuelle. Des r\u00e9sultats \u00e0 m\u00eame de combler le c\u00f4t\u00e9 comp\u00e9titeur d\u2019Eyembet : \u00ab\u00a0La saison avait tr\u00e8s bien commenc\u00e9, \u00e7a nous a lanc\u00e9. Il faut dire que le club a effectu\u00e9 un tr\u00e8s bon recrutement, que ce soit avec le coach ou les joueurs.\u00a0\u00bb Un d\u00e9but de saison que l\u2019Int\u00e9rieur pessacais a suivi de loin : \u00ab\u00a0J\u2019ai jou\u00e9 l\u2019an dernier en ressentant des douleurs. Mais mon c\u00f4t\u00e9 comp\u00e9titeur avait alors pris le dessus. Pour moi, il n\u2019\u00e9tait pas question de ne pas jouer, de ne pas \u00eatre sur le terrain aux c\u00f4t\u00e9s de mes co\u00e9quipiers. Mais la r\u00e9alit\u00e9 et mon corps ont parl\u00e9.\u00a0\u00bb<\/p>\n<p>Souffrant d\u2019une fissure dans le tendon rotulien, Eyembet a d\u00fb se mettre en mode pause jusqu\u2019en d\u00e9cembre. Une p\u00e9riode difficile pour ce combattant de tous les instants qui connait son sport sur le bout des doigts m\u00eame si le football n\u2019est jamais vraiment tr\u00e8s loin de son esprit : \u00ab\u00a0J\u2019ai d\u2019abord jou\u00e9 au ballon rond au RC Bordeaux. Je suis d\u2019ailleurs encore le football. Je suis un grand fan de Liverpool. Mon num\u00e9ro 10 f\u00e9tiche \u00e9tant pris, j\u2019ai d\u2019ailleurs opt\u00e9 pour le 8 en hommage \u00e0 Steven Gerrard\u00a0\u00bb sourit le joueur d\u20191,90 m.<\/p>\n<p>Mais c\u2019est vers le basket que le bordelais se dirige finalement avec des premiers pas \u00e0 l\u2019US Talence \u00ab\u00a0mon club de coeur\u00a0\u00bb puis un premier passage \u00e0 Pessac avant une expatriation hors Gironde : \u00ab\u00a0J\u2019ai rejoint les clubs de F\u00e9camp puis de Montivilliers en Normandie. Je souhaitais sortir de ma zone de confort. L\u00e0-bas, j\u2019ai pu \u00e9voluer en N3, apprendre sur le basket. J\u2019y ai c\u00f4toy\u00e9 un joueur comme Rudy Jomby. Je n\u2019oublie pas non plus mon ann\u00e9e universitaire en Irlande en 2018 o\u00f9 j\u2019ai pu jouer avec des joueurs am\u00e9ricains ou anglais.\u00a0\u00bb<\/p>\n<p>Une exp\u00e9rience XXL qu\u2019Eyembet, \u00e0 30 ans aujourd\u2019hui, met au service de Pessac depuis son retour voici deux saisons. Le commercial dans la vie insiste d\u2019ailleurs \u00ab\u00a0sur son r\u00f4le d\u00e9fensif. Je me concentre sur cet aspect du jeu, je m\u2019adapte en fonction des \u00e9quipes que nous rencontrons.\u00a0\u00bb<\/p>\n<p>Le capitaine est d\u00e9termin\u00e9. Du tout bon pour son \u00e9quipe et de sales moments \u00e0 venir pour ses adversaires.<\/p>\n<p><b>Vincent Ferrandon<\/b><\/p>\n<p><b>Cr\u00e9dit photo : Sports33.fr<\/b><\/p>\n<p>&nbsp;<\/p>\n<p>&nbsp;<\/p>\n<p>[\/et_pb_text][\/et_pb_column][\/et_pb_row][\/et_pb_section]<\/p>\n","protected":false},"excerpt":{"rendered":"<p>L\u2019INCONTOURNABLE EYEMBET Capitaine de l\u2019Entente Pessac Basket, en Pr\u00e9nationale, Eyembet Bombo s\u2019affirme comme un \u00e9l\u00e9ment de base d\u2019une \u00e9quipe promue qui a parfaitement tenu sa place cette saison. L\u2019aura est naturelle. Et Eyembet Bombo ne le cache pas : \u00ab\u00a0Le leadership, c\u2019est ma force. Le brassard de capitaine ne me g\u00eane pas. Au contraire, j\u2019aime [&hellip;]<\/p>\n","protected":false},"author":2,"featured_media":7594,"comment_status":"closed","ping_status":"closed","sticky":false,"template":"","format":"standard","meta":{"_et_pb_use_builder":"on","_et_pb_old_content":"","_et_gb_content_width":"1080","footnotes":""},"categories":[14,15],"tags":[],"class_list":["post-7591","post","type-post","status-publish","format-standard","has-post-thumbnail","hentry","category-basket","category-portrait"],"_links":{"self":[{"href":"https:\/\/sports33.fr\/index.php?rest_route=\/wp\/v2\/posts\/7591","targetHints":{"allow":["GET"]}}],"collection":[{"href":"https:\/\/sports33.fr\/index.php?rest_route=\/wp\/v2\/posts"}],"about":[{"href":"https:\/\/sports33.fr\/index.php?rest_route=\/wp\/v2\/types\/post"}],"author":[{"embeddable":true,"href":"https:\/\/sports33.fr\/index.php?rest_route=\/wp\/v2\/users\/2"}],"replies":[{"embeddable":true,"href":"https:\/\/sports33.fr\/index.php?rest_route=%2Fwp%2Fv2%2Fcomments&post=7591"}],"version-history":[{"count":2,"href":"https:\/\/sports33.fr\/index.php?rest_route=\/wp\/v2\/posts\/7591\/revisions"}],"predecessor-version":[{"id":7595,"href":"https:\/\/sports33.fr\/index.php?rest_route=\/wp\/v2\/posts\/7591\/revisions\/7595"}],"wp:featuredmedia":[{"embeddable":true,"href":"https:\/\/sports33.fr\/index.php?rest_route=\/wp\/v2\/media\/7594"}],"wp:attachment":[{"href":"https:\/\/sports33.fr\/index.php?rest_route=%2Fwp%2Fv2%2Fmedia&parent=7591"}],"wp:term":[{"taxonomy":"category","embeddable":true,"href":"https:\/\/sports33.fr\/index.php?rest_route=%2Fwp%2Fv2%2Fcategories&post=7591"},{"taxonomy":"post_tag","embeddable":true,"href":"https:\/\/sports33.fr\/index.php?rest_route=%2Fwp%2Fv2%2Ftags&post=7591"}],"curies":[{"name":"wp","href":"https:\/\/api.w.org\/{rel}","templated":true}]}}