{"id":7561,"date":"2026-04-27T11:13:11","date_gmt":"2026-04-27T09:13:11","guid":{"rendered":"https:\/\/sports33.fr\/?p=7561"},"modified":"2026-04-27T11:17:21","modified_gmt":"2026-04-27T09:17:21","slug":"derniere-journee-en-berne","status":"publish","type":"post","link":"https:\/\/sports33.fr\/?p=7561","title":{"rendered":"Derni\u00e8re journ\u00e9e en berne"},"content":{"rendered":"<p>[et_pb_section fb_built=\u00a0\u00bb1&Prime; _builder_version=\u00a0\u00bb4.27.4&Prime; _module_preset=\u00a0\u00bbdefault\u00a0\u00bb global_colors_info=\u00a0\u00bb{}\u00a0\u00bb theme_builder_area=\u00a0\u00bbpost_content\u00a0\u00bb][et_pb_row _builder_version=\u00a0\u00bb4.27.4&Prime; _module_preset=\u00a0\u00bbdefault\u00a0\u00bb global_colors_info=\u00a0\u00bb{}\u00a0\u00bb theme_builder_area=\u00a0\u00bbpost_content\u00a0\u00bb][et_pb_column type=\u00a0\u00bb4_4&Prime; _builder_version=\u00a0\u00bb4.27.4&Prime; _module_preset=\u00a0\u00bbdefault\u00a0\u00bb global_colors_info=\u00a0\u00bb{}\u00a0\u00bb theme_builder_area=\u00a0\u00bbpost_content\u00a0\u00bb][et_pb_text _builder_version=\u00a0\u00bb4.27.6&Prime; _module_preset=\u00a0\u00bbdefault\u00a0\u00bb hover_enabled=\u00a0\u00bb0&Prime; global_colors_info=\u00a0\u00bb{}\u00a0\u00bb theme_builder_area=\u00a0\u00bbpost_content\u00a0\u00bb sticky_enabled=\u00a0\u00bb0&Prime;]<\/p>\n<p style=\"text-align: center;\"><b>DERNI\u00c8RE JOURN\u00c9E EN BERNE<\/b><\/p>\n<p><b>Les trois clubs de Gironde de N2 ont \u00e9t\u00e9 d\u00e9faits en cl\u00f4ture du championnat.<\/b><\/p>\n<p>Clap de fin pour la saison de N2M. Une derni\u00e8re journ\u00e9e qui recelait encore un enjeu, niveau sport, pour l\u2019un des trois clubs de Gironde. En lutte avec Charenton, l\u2019US Talence pouvait ainsi encore esp\u00e9rer s\u2019offrir une mont\u00e9e \u00e0 l\u2019\u00e9chelon sup\u00e9rieur, un an apr\u00e8s son accession historique en N2.<span class=\"Apple-converted-space\">\u00a0<\/span>Mais face au mal class\u00e9 Conflans qui jouait lui sa survie, les talen\u00e7ais n\u2019ont pu ramener qu\u2019un point de r\u00e9gion parisienne. Battus 3-2, les joueurs de l\u2019UST auront accroch\u00e9 les deux premiers sets avant de voir le retour de leurs adversaires. Un r\u00e9sultat qui ne remet pas en cause la tr\u00e8s bon saison du promu, qui aura travers\u00e9 cet exercice en \u00e9quipe s\u00fbre de sa force, occupant m\u00eame de longues semaines la place de leader. Cette deuxi\u00e8me place finale est porteuse d\u2019espoir.<\/p>\n<p>Une bonne saison \u00e9galement pour le SA M\u00e9rignac. Des m\u00e9rignacais qui accrochent la cinqui\u00e8me au classement malgr\u00e9 leur d\u00e9faite du jour \u00e0 domicile contre le Pexinois Niort, lui aussi \u00e0 la lutte pour son maintien en N2 qu\u2019il d\u00e9croche gr\u00e2ce \u00e0 ce succ\u00e8s (2-3). \u00ab C\u2019\u00e9tait un match de fin de saison, analyse le coach Vivien Gayol-Audric, qui aura effectu\u00e9 un tr\u00e8s bon travail depuis son banc l\u2019\u00e9t\u00e9 dernier. L\u2019\u00e9quipe avait peu d\u2019\u00e9nergie pour finir, elle a essay\u00e9 de tout donner mais nous ne pouvions pas faire mieux, c\u2019est une d\u00e9faite rageante. Maintenant, nous allons nous pr\u00e9parer pour la saison prochaine. \u00bb Une \u00e9quipe du SAM qui s\u2019annonce ambitieuse pour 2026-2027.<\/p>\n<p>Quant aux JSA Bordeaux, \u00e0 l\u2019abri avant cette derni\u00e8re journ\u00e9e, ils ont \u00e9t\u00e9 d\u00e9faits \u00e0 Paris Camou (3-0). Des bordelais qui terminent cette saison \u00e0 la huiti\u00e8me place au classement et qui peuvent se targuer de quelques bonnes performances, \u00e0 m\u00eame de lancer la saison prochaine.<\/p>\n<p><b>Vincent Ferrandon<\/b><\/p>\n<p><b>Cr\u00e9dit photo : <\/b><a href=\"http:\/\/sports33.fr\"><span><b>sports33.fr<\/b><b><\/b><\/span><\/a><\/p>\n<p><b>L\u00e9gende : Le SA M\u00e9rignac, battu au tie-break pour le Pexinois Niort, mais 5e au classement final.<\/b><\/p>\n<p>[\/et_pb_text][\/et_pb_column][\/et_pb_row][\/et_pb_section]<\/p>\n","protected":false},"excerpt":{"rendered":"<p>DERNI\u00c8RE JOURN\u00c9E EN BERNE Les trois clubs de Gironde de N2 ont \u00e9t\u00e9 d\u00e9faits en cl\u00f4ture du championnat. Clap de fin pour la saison de N2M. Une derni\u00e8re journ\u00e9e qui recelait encore un enjeu, niveau sport, pour l\u2019un des trois clubs de Gironde. En lutte avec Charenton, l\u2019US Talence pouvait ainsi encore esp\u00e9rer s\u2019offrir une [&hellip;]<\/p>\n","protected":false},"author":2,"featured_media":7562,"comment_status":"closed","ping_status":"closed","sticky":false,"template":"","format":"standard","meta":{"_et_pb_use_builder":"on","_et_pb_old_content":"","_et_gb_content_width":"1080","footnotes":""},"categories":[12],"tags":[],"class_list":["post-7561","post","type-post","status-publish","format-standard","has-post-thumbnail","hentry","category-volley"],"_links":{"self":[{"href":"https:\/\/sports33.fr\/index.php?rest_route=\/wp\/v2\/posts\/7561","targetHints":{"allow":["GET"]}}],"collection":[{"href":"https:\/\/sports33.fr\/index.php?rest_route=\/wp\/v2\/posts"}],"about":[{"href":"https:\/\/sports33.fr\/index.php?rest_route=\/wp\/v2\/types\/post"}],"author":[{"embeddable":true,"href":"https:\/\/sports33.fr\/index.php?rest_route=\/wp\/v2\/users\/2"}],"replies":[{"embeddable":true,"href":"https:\/\/sports33.fr\/index.php?rest_route=%2Fwp%2Fv2%2Fcomments&post=7561"}],"version-history":[{"count":3,"href":"https:\/\/sports33.fr\/index.php?rest_route=\/wp\/v2\/posts\/7561\/revisions"}],"predecessor-version":[{"id":7565,"href":"https:\/\/sports33.fr\/index.php?rest_route=\/wp\/v2\/posts\/7561\/revisions\/7565"}],"wp:featuredmedia":[{"embeddable":true,"href":"https:\/\/sports33.fr\/index.php?rest_route=\/wp\/v2\/media\/7562"}],"wp:attachment":[{"href":"https:\/\/sports33.fr\/index.php?rest_route=%2Fwp%2Fv2%2Fmedia&parent=7561"}],"wp:term":[{"taxonomy":"category","embeddable":true,"href":"https:\/\/sports33.fr\/index.php?rest_route=%2Fwp%2Fv2%2Fcategories&post=7561"},{"taxonomy":"post_tag","embeddable":true,"href":"https:\/\/sports33.fr\/index.php?rest_route=%2Fwp%2Fv2%2Ftags&post=7561"}],"curies":[{"name":"wp","href":"https:\/\/api.w.org\/{rel}","templated":true}]}}