{"id":7549,"date":"2026-04-26T16:54:46","date_gmt":"2026-04-26T14:54:46","guid":{"rendered":"https:\/\/sports33.fr\/?p=7549"},"modified":"2026-04-26T16:54:46","modified_gmt":"2026-04-26T14:54:46","slug":"merignac-condamne-le-haillan","status":"publish","type":"post","link":"https:\/\/sports33.fr\/?p=7549","title":{"rendered":"M\u00e9rignac condamne Le Haillan"},"content":{"rendered":"<p>[et_pb_section fb_built=\u00a0\u00bb1&Prime; _builder_version=\u00a0\u00bb4.27.4&Prime; _module_preset=\u00a0\u00bbdefault\u00a0\u00bb global_colors_info=\u00a0\u00bb{}\u00a0\u00bb theme_builder_area=\u00a0\u00bbpost_content\u00a0\u00bb][et_pb_row _builder_version=\u00a0\u00bb4.27.4&Prime; _module_preset=\u00a0\u00bbdefault\u00a0\u00bb global_colors_info=\u00a0\u00bb{}\u00a0\u00bb theme_builder_area=\u00a0\u00bbpost_content\u00a0\u00bb][et_pb_column type=\u00a0\u00bb4_4&Prime; _builder_version=\u00a0\u00bb4.27.4&Prime; _module_preset=\u00a0\u00bbdefault\u00a0\u00bb global_colors_info=\u00a0\u00bb{}\u00a0\u00bb theme_builder_area=\u00a0\u00bbpost_content\u00a0\u00bb][et_pb_text _builder_version=\u00a0\u00bb4.27.6&Prime; _module_preset=\u00a0\u00bbdefault\u00a0\u00bb hover_enabled=\u00a0\u00bb0&Prime; global_colors_info=\u00a0\u00bb{}\u00a0\u00bb theme_builder_area=\u00a0\u00bbpost_content\u00a0\u00bb sticky_enabled=\u00a0\u00bb0&Prime;]<\/p>\n<p style=\"text-align: center;\"><b>M\u00c9RIGNAC <br \/>CONDAMNE LE HAILLAN<\/b><\/p>\n<p><b>Les haillanaises, qui devaient absolument gagner pour esp\u00e9rer un maintien en N2, n\u2019ont pas r\u00e9ussi a inverser la hi\u00e9rarchie dans le derby de Gironde.<\/b><\/p>\n<p><b>SA M\u00e9rignac-Le Haillan 3-0<\/b><\/p>\n<p><i>Fiche technique compl\u00e8te \u00e0 retrouver en fin d\u2019article<\/i><\/p>\n<p>Voil\u00e0, c\u2019est fini. Apr\u00e8s deux saisons en N2, le VBC Le Haillan retrouvera le niveau en dessous la saison prochaine. R\u00e9sultat d\u2019une saison difficile voire frustrante au regard de certains matchs au cours desquels les haillanaises semblaient proches de prendre des points sans \u00eatre r\u00e9compens\u00e9es. \u00ab\u00a0Ce n\u2019est pas sur ce match contre M\u00e9rignac que l\u2019on perd notre place en N2, analyse Anthon Augustin, l\u2019un des coachs haillanais avec Yannick Arsenault. Sur certains d\u00e9placements, nous pouvions esp\u00e9rer mieux et nous le payons aujourd\u2019hui. \u00c7a ne se joue pas \u00e0 grand-chose mais le non respect des consignes comme lors du derby contre M\u00e9rignac aura co\u00fbt\u00e9 cher. Nous allons repartir avec un collectif tr\u00e8s jeune entre 15 et 20 ans. Ce sera une nouvelle \u00e9quipe que nous pr\u00e9senterons la saison prochaine.\u00a0\u00bb<\/p>\n<p>Face \u00e0 M\u00e9rignac, Le Haillan se devait de ramener des points. Mais malgr\u00e9 deux premiers sets disput\u00e9s 25-23 et 25-23, les visiteuses n\u2019ont ensuite rien pu faire lors du troisi\u00e8me acte qui scellait leur condamnation 25-19. Un succ\u00e8s qui confirme la bonne saison du SAM, quatri\u00e8me au classement final \u00e0 la satisfaction de Corinne Cardassay qui assurait l\u2019int\u00e9rim d\u2019Emmanuel Turpinat pour l\u2019occasion : \u00ab\u00a0Nous avons bien cl\u00f4tur\u00e9 une saison correcte. C\u2019est le r\u00e9sultat du travail de toute l\u2019ann\u00e9e, souvent payant en sport. Nous avons pu faire rentrer tout le monde, faire tourner pour ce dernier match. Nous avons pu bien f\u00eater <a href=\"https:\/\/sports33.fr\/?p=3516\">Pauline Maignonnat,<\/a> <a href=\"https:\/\/sports33.fr\/?p=6279\">Emilie Gautier,<\/a> <a href=\"https:\/\/sports33.fr\/?p=5194\">Blandine de Tienda<\/a> et <a href=\"https:\/\/sports33.fr\/?p=4431\">Marl\u00e8ne Mariot-Thierry<\/a> qui arr\u00eatent et qui repr\u00e9sentent un grand pan de l\u2019histoire du club.\u00a0\u00bb<\/p>\n<p><b>Vincent Ferrandon<\/b><\/p>\n<p><b>Cr\u00e9dit photo : <\/b><a href=\"http:\/\/sports33.fr\"><span><b>sports33.fr<\/b><b><\/b><\/span><\/a><\/p>\n<p><b>SA M\u00e9rignac-Le Haillan 3-0<\/b><\/p>\n<p>Sets : 25-23 (28\u2019), 25-23 (30\u2019), 25-19 (25\u2019)<\/p>\n<p>SA M\u00e9rignac : Sicilia, De Tienda, Dobozy, Rabemanatsoa, Bovin, Maingonnat, Perdriau, Raus, Gautier (L), Akono, Genge<\/p>\n<p>Le Haillan : Boulanger, Augustin, Dikongue Ndocko, Tessier, Diawara, Robillard Rouz\u00e8s, Godart, Bertheuil, Milon (L)<\/p>\n<p>[\/et_pb_text][\/et_pb_column][\/et_pb_row][\/et_pb_section]<\/p>\n","protected":false},"excerpt":{"rendered":"<p>M\u00c9RIGNAC CONDAMNE LE HAILLAN Les haillanaises, qui devaient absolument gagner pour esp\u00e9rer un maintien en N2, n\u2019ont pas r\u00e9ussi a inverser la hi\u00e9rarchie dans le derby de Gironde. SA M\u00e9rignac-Le Haillan 3-0 Fiche technique compl\u00e8te \u00e0 retrouver en fin d\u2019article Voil\u00e0, c\u2019est fini. Apr\u00e8s deux saisons en N2, le VBC Le Haillan retrouvera le niveau [&hellip;]<\/p>\n","protected":false},"author":2,"featured_media":7550,"comment_status":"closed","ping_status":"closed","sticky":false,"template":"","format":"standard","meta":{"_et_pb_use_builder":"on","_et_pb_old_content":"","_et_gb_content_width":"1080","footnotes":""},"categories":[12],"tags":[],"class_list":["post-7549","post","type-post","status-publish","format-standard","has-post-thumbnail","hentry","category-volley"],"_links":{"self":[{"href":"https:\/\/sports33.fr\/index.php?rest_route=\/wp\/v2\/posts\/7549","targetHints":{"allow":["GET"]}}],"collection":[{"href":"https:\/\/sports33.fr\/index.php?rest_route=\/wp\/v2\/posts"}],"about":[{"href":"https:\/\/sports33.fr\/index.php?rest_route=\/wp\/v2\/types\/post"}],"author":[{"embeddable":true,"href":"https:\/\/sports33.fr\/index.php?rest_route=\/wp\/v2\/users\/2"}],"replies":[{"embeddable":true,"href":"https:\/\/sports33.fr\/index.php?rest_route=%2Fwp%2Fv2%2Fcomments&post=7549"}],"version-history":[{"count":2,"href":"https:\/\/sports33.fr\/index.php?rest_route=\/wp\/v2\/posts\/7549\/revisions"}],"predecessor-version":[{"id":7553,"href":"https:\/\/sports33.fr\/index.php?rest_route=\/wp\/v2\/posts\/7549\/revisions\/7553"}],"wp:featuredmedia":[{"embeddable":true,"href":"https:\/\/sports33.fr\/index.php?rest_route=\/wp\/v2\/media\/7550"}],"wp:attachment":[{"href":"https:\/\/sports33.fr\/index.php?rest_route=%2Fwp%2Fv2%2Fmedia&parent=7549"}],"wp:term":[{"taxonomy":"category","embeddable":true,"href":"https:\/\/sports33.fr\/index.php?rest_route=%2Fwp%2Fv2%2Fcategories&post=7549"},{"taxonomy":"post_tag","embeddable":true,"href":"https:\/\/sports33.fr\/index.php?rest_route=%2Fwp%2Fv2%2Ftags&post=7549"}],"curies":[{"name":"wp","href":"https:\/\/api.w.org\/{rel}","templated":true}]}}