{"id":6699,"date":"2026-03-13T14:02:05","date_gmt":"2026-03-13T13:02:05","guid":{"rendered":"https:\/\/sports33.fr\/?p=6699"},"modified":"2026-03-14T21:56:34","modified_gmt":"2026-03-14T20:56:34","slug":"le-chant-du-retour","status":"publish","type":"post","link":"https:\/\/sports33.fr\/?p=6699","title":{"rendered":"Le chant du retour"},"content":{"rendered":"<p>[et_pb_section fb_built=\u00a0\u00bb1&Prime; _builder_version=\u00a0\u00bb4.27.4&Prime; _module_preset=\u00a0\u00bbdefault\u00a0\u00bb global_colors_info=\u00a0\u00bb{}\u00a0\u00bb theme_builder_area=\u00a0\u00bbpost_content\u00a0\u00bb][et_pb_row _builder_version=\u00a0\u00bb4.27.4&Prime; _module_preset=\u00a0\u00bbdefault\u00a0\u00bb global_colors_info=\u00a0\u00bb{}\u00a0\u00bb theme_builder_area=\u00a0\u00bbpost_content\u00a0\u00bb][et_pb_column type=\u00a0\u00bb4_4&Prime; _builder_version=\u00a0\u00bb4.27.4&Prime; _module_preset=\u00a0\u00bbdefault\u00a0\u00bb global_colors_info=\u00a0\u00bb{}\u00a0\u00bb theme_builder_area=\u00a0\u00bbpost_content\u00a0\u00bb][et_pb_text _builder_version=\u00a0\u00bb4.27.4&Prime; _module_preset=\u00a0\u00bbdefault\u00a0\u00bb hover_enabled=\u00a0\u00bb0&Prime; global_colors_info=\u00a0\u00bb{}\u00a0\u00bb theme_builder_area=\u00a0\u00bbpost_content\u00a0\u00bb sticky_enabled=\u00a0\u00bb0&Prime;]<\/p>\n<p style=\"text-align: center;\"><b>LE CHANT DU RETOUR<\/b><\/p>\n<p><b>Apr\u00e8s une parenth\u00e8se de plusieurs saisons \u00e0 Bruges-Lormont, Baptiste Perchicot a choisi de revenir cet \u00e9t\u00e9 \u00e0 l\u2019ASPOM B\u00e8gles, son club formateur. Une bonne pioche pour un joueur qui est aussi international fran\u00e7ais en beach handball.<\/b><\/p>\n<p>L\u2019envie \u00e9tait forte. Et Baptiste Perchicot a choisi son instinct. Durant la tr\u00eave estivale, la proposition de l\u2019ASPOM B\u00e8gles s\u2019est r\u00e9v\u00e9l\u00e9e gagnante : \u00ab C\u2019est un retour aux sources, assure le demi-centre. Mais je suis parti quelques saisons, il me faut d\u00e9couvrir l\u2019\u00e9quipe, retrouver les automatismes. Pour autant, j\u2019avais envie de revenir, il s\u2019agit d\u2019un choix personnel. Et puis, je ressentais le besoin de changer un peu, j\u2019avais fait le tour avec Bruges-Lormont. <a href=\"https:\/\/sports33.fr\/?p=1459\">Quentin et Flavien Etienne<\/a><a href=\"https:\/\/sports33.fr\/?p=1459\">,<\/a> \u00a0les coachs b\u00e9glais sont tr\u00e8s performants sur la formation, poss\u00e8dent un discours qui me plait.<span class=\"Apple-converted-space\">\u00a0 <\/span>L\u00e0, je retrouve des joueurs avec lesquels j\u2019ai \u00e9t\u00e9 form\u00e9 avec la volont\u00e9 de prendre du plaisir avant tout.\u00a0\u00bb<\/p>\n<p>Au regard des performances du club b\u00e9glais et de Baptiste, ce choix s\u2019av\u00e8re payant. L\u2019un des deux clubs de Gironde de N2 occupe la deuxi\u00e8me place ex-aequo au classement et profite de l\u2019abattage de son num\u00e9ro 64 : \u00ab\u00a0Je me sens de mieux en mieux dans cette \u00e9quipe. J\u2019\u00e9tais parti voici plusieurs saisons pour vivre le projet D2 de Bruges-Lormont. J\u2019ai fait quelques apparitions \u00e0 ce niveau, des bancs. J\u2019ai pu conna\u00eetre le milieu pro mais je ne me vois pas transmettre cette exp\u00e9rience au groupe de l\u2019ASPOM. Je n\u2019ai que 21 ans, des joueurs ont plus de v\u00e9cu que moi. Je suis l\u00e0 pour le collectif et me mettre au service du groupe.\u00a0\u00bb<\/p>\n<p>Pas un probl\u00e8me pour un Baptiste qui n\u2019a pas \u00e0 forcer sa nature : \u00ab\u00a0Je suis tourn\u00e9 vers les autres, c\u2019est mon caract\u00e8re. Je joue d\u2019ailleurs pour mon \u00e9quipe, pour mes co\u00e9quipiers. Je fais passer mon \u00e9quipe avant mon cas personnel. \u00c7a tombe bien, le r\u00f4le de demi-centre est parfait pour moi dans ces conditions.\u00a0\u00bb<\/p>\n<p>Un poste qu\u2019il a adopt\u00e9 tr\u00e8s t\u00f4t, lorsque le handball s\u2019est impos\u00e9 \u00e0 lui : \u00ab\u00a0J\u2019ai pratiqu\u00e9 tous les sports, sourit-il. Il faut dire qu\u2019avec un papa professeur d\u2019EPS, j\u2019avais le bon exemple. Mais le handball m\u2019a beaucoup plu\u00a0\u00bb insiste l\u2019\u00e9tudiant en Licence 3 de STAPS qui vit une saison importante : \u00ab\u00a0Je prends de l\u2019exp\u00e9rience avec ce retour au club. Nous jouons les premiers r\u00f4les en N2, je reprends beaucoup de plaisir \u00e0 jouer. Et les ambitions sont l\u00e0. Nous voulons aller titiller les premiers, peut \u00eatre accrocher un titre honorifique de champion de N2\u00a0\u00bb assure Baptiste Perchicot qui aimerait bien retenter d\u2019aller voir plus haut si l\u2019occasion de se pr\u00e9sente : \u00ab\u00a0On verra\u00a0\u00bb dit sobrement le b\u00e9glais. Un joueur qui s\u2019\u00e9panouit \u00e9galement sur le sable : \u00ab\u00a0J\u2019aime bien le beach, encha\u00eene l\u2019international fran\u00e7ais de la discipline. \u00c7a permet de couper avec le hand. La notion de plaisir est l\u00e0 aussi importante.\u00a0\u00bb<\/p>\n<p>Une notion qui porte Baptiste bien haut.<\/p>\n<p><b><\/b><\/p>\n<p><b>Vincent Ferrandon<\/b><\/p>\n<p><b>Cr\u00e9dit photo : Sports33.fr<\/b><\/p>\n<p>&nbsp;<\/p>\n<p>[\/et_pb_text][\/et_pb_column][\/et_pb_row][\/et_pb_section]<\/p>\n","protected":false},"excerpt":{"rendered":"<p>LE CHANT DU RETOUR Apr\u00e8s une parenth\u00e8se de plusieurs saisons \u00e0 Bruges-Lormont, Baptiste Perchicot a choisi de revenir cet \u00e9t\u00e9 \u00e0 l\u2019ASPOM B\u00e8gles, son club formateur. Une bonne pioche pour un joueur qui est aussi international fran\u00e7ais en beach handball. L\u2019envie \u00e9tait forte. Et Baptiste Perchicot a choisi son instinct. Durant la tr\u00eave estivale, la [&hellip;]<\/p>\n","protected":false},"author":2,"featured_media":6702,"comment_status":"closed","ping_status":"closed","sticky":false,"template":"","format":"standard","meta":{"_et_pb_use_builder":"on","_et_pb_old_content":"","_et_gb_content_width":"1080","footnotes":""},"categories":[11,15],"tags":[],"class_list":["post-6699","post","type-post","status-publish","format-standard","has-post-thumbnail","hentry","category-handball","category-portrait"],"_links":{"self":[{"href":"https:\/\/sports33.fr\/index.php?rest_route=\/wp\/v2\/posts\/6699","targetHints":{"allow":["GET"]}}],"collection":[{"href":"https:\/\/sports33.fr\/index.php?rest_route=\/wp\/v2\/posts"}],"about":[{"href":"https:\/\/sports33.fr\/index.php?rest_route=\/wp\/v2\/types\/post"}],"author":[{"embeddable":true,"href":"https:\/\/sports33.fr\/index.php?rest_route=\/wp\/v2\/users\/2"}],"replies":[{"embeddable":true,"href":"https:\/\/sports33.fr\/index.php?rest_route=%2Fwp%2Fv2%2Fcomments&post=6699"}],"version-history":[{"count":4,"href":"https:\/\/sports33.fr\/index.php?rest_route=\/wp\/v2\/posts\/6699\/revisions"}],"predecessor-version":[{"id":6731,"href":"https:\/\/sports33.fr\/index.php?rest_route=\/wp\/v2\/posts\/6699\/revisions\/6731"}],"wp:featuredmedia":[{"embeddable":true,"href":"https:\/\/sports33.fr\/index.php?rest_route=\/wp\/v2\/media\/6702"}],"wp:attachment":[{"href":"https:\/\/sports33.fr\/index.php?rest_route=%2Fwp%2Fv2%2Fmedia&parent=6699"}],"wp:term":[{"taxonomy":"category","embeddable":true,"href":"https:\/\/sports33.fr\/index.php?rest_route=%2Fwp%2Fv2%2Fcategories&post=6699"},{"taxonomy":"post_tag","embeddable":true,"href":"https:\/\/sports33.fr\/index.php?rest_route=%2Fwp%2Fv2%2Ftags&post=6699"}],"curies":[{"name":"wp","href":"https:\/\/api.w.org\/{rel}","templated":true}]}}