{"id":6688,"date":"2026-03-12T18:21:48","date_gmt":"2026-03-12T17:21:48","guid":{"rendered":"https:\/\/sports33.fr\/?p=6688"},"modified":"2026-03-12T18:22:57","modified_gmt":"2026-03-12T17:22:57","slug":"le-bon-rouage-darlac","status":"publish","type":"post","link":"https:\/\/sports33.fr\/?p=6688","title":{"rendered":"Le bon rouage d\u2019Arlac"},"content":{"rendered":"<p>[et_pb_section fb_built=\u00a0\u00bb1&Prime; _builder_version=\u00a0\u00bb4.27.4&Prime; _module_preset=\u00a0\u00bbdefault\u00a0\u00bb global_colors_info=\u00a0\u00bb{}\u00a0\u00bb theme_builder_area=\u00a0\u00bbpost_content\u00a0\u00bb][et_pb_row _builder_version=\u00a0\u00bb4.27.4&Prime; _module_preset=\u00a0\u00bbdefault\u00a0\u00bb global_colors_info=\u00a0\u00bb{}\u00a0\u00bb theme_builder_area=\u00a0\u00bbpost_content\u00a0\u00bb][et_pb_column type=\u00a0\u00bb4_4&Prime; _builder_version=\u00a0\u00bb4.27.4&Prime; _module_preset=\u00a0\u00bbdefault\u00a0\u00bb global_colors_info=\u00a0\u00bb{}\u00a0\u00bb theme_builder_area=\u00a0\u00bbpost_content\u00a0\u00bb][et_pb_text _builder_version=\u00a0\u00bb4.27.4&Prime; _module_preset=\u00a0\u00bbdefault\u00a0\u00bb hover_enabled=\u00a0\u00bb0&Prime; global_colors_info=\u00a0\u00bb{}\u00a0\u00bb theme_builder_area=\u00a0\u00bbpost_content\u00a0\u00bb sticky_enabled=\u00a0\u00bb0&Prime;]<\/p>\n<p style=\"text-align: center;\"><b>LE BON ROUAGE D\u2019ARLAC<\/b><\/p>\n<p><b>Milieu d\u00e9fensive des m\u00e9rignacaises \u00e0 la lutte pour la mont\u00e9e en D3, Louna Darrouy se montre pr\u00e9cieuse pour son \u00e9quipe. Un jeu qui s\u2019\u00e9toffe \u00e9galement au gr\u00e9 d\u2019un troph\u00e9e et d\u2019un CV appel\u00e9 \u00e0 gonfler.<\/b><\/p>\n<p>Elle esp\u00e8re monter d\u2019un cran. Et ainsi rego\u00fbter \u00e0 cette D3 qui lui fait envie. Actuellement troisi\u00e8mes de leur poule de R1, les joueuses du M\u00e9rignac Arlac, qui comptent deux points de retard sur le leader bayonnais, sont plus que jamais dans la course \u00e0 l\u2019accession \u00e0 six \u00e9tapes de l\u2019arriv\u00e9e. Un d\u00e9fi \u00e0 la mesure de l\u2019influence de Louna Darrouy au sein du collectif de Gironde. Arriv\u00e9e en 2023 \u00e0 Arlac qui venait alors de monter en D3, Louna s\u2019est rapidement fondue dans le moule de sa nouvelle \u00e9quipe. A tel point qu\u2019\u00e0 seulement 20 ans, son v\u00e9cu apparait aujourd\u2019hui comme \u00e9tant un v\u00e9ritable atout : \u00ab\u00a0J\u2019ai tr\u00e8s souvent \u00e9volu\u00e9 avec des joueuses plus \u00e2g\u00e9es, j\u2019ai peut \u00eatre pris en maturit\u00e9 plus rapidement\u00a0\u00bb tient-elle d\u2019ailleurs \u00e0 pr\u00e9ciser.<\/p>\n<p>De quoi asseoir sa l\u00e9gitimit\u00e9 dans la position charni\u00e8re de num\u00e9ro 6, un poste tr\u00e8s important dans le football mais si souvent occult\u00e9. Louna pr\u00e9cise : \u00ab\u00a0Je r\u00e9cup\u00e8re les ballons, je les relance proprement. Disons que je fais les efforts pour les autres.\u00a0\u00bb Un travail de l\u2019ombre \u00f4 combien pr\u00e9cieux dans un sport comme le football. Une formation acquise d\u00e8s ses d\u00e9buts chez elle dans les Landes avant un d\u00e9part vers Montauban pour affiner ses qualit\u00e9s : \u00ab\u00a0Ce sont de bonnes bases\u00a0\u00bb lance Louna en souriant.<span class=\"Apple-converted-space\">\u00a0<\/span><\/p>\n<p>Des fondations solides qui servent \u00e0 la milieu d\u00e9fensive et dont les qualit\u00e9s vont bien au del\u00e0 de son club. Pour preuve, le titre de championne de France universitaire, acquis avec certaines de ses co\u00e9quipi\u00e8res m\u00e9rignacaises l\u2019\u00e9t\u00e9 dernier. Une ligne au palmar\u00e8s dont Louna s\u2019enorgueillit : \u00ab\u00a0Je suis contente d\u2019avoir pu d\u00e9crocher ce titre. C\u2019est une vraie fiert\u00e9 et j\u2019esp\u00e8re que cela va continuer. Ce titre national nous a ouvert les portes pour une comp\u00e9tition internationale qui se d\u00e9roulera cet \u00e9t\u00e9 \u00e0 Naples. Je suis impatiente de pouvoir la vivre. Il s\u2019agit d\u2019une super exp\u00e9rience personnelle mais aussi collective.\u00a0\u00bb<\/p>\n<p>Avant d\u2019aller fouler les pelouses de Campanie, dans le sud de l\u2019Italie, d\u2019autres d\u00e9fis s\u2019accumulent pour la landaise d\u2019origine : \u00ab\u00a0Je suis actuellement en Staps \u00e0 Bordeaux. Je pr\u00e9pare le concours pour devenir professeur d\u2019EPS\u00a0\u00bb pr\u00e9cise la supportrice du FC Barcelone qui suit ou suivait les exploits d\u2019Andres Iniesta ou aujourd\u2019hui de Vitinha. Un objectif qui se double d\u2019un autre : \u00ab\u00a0Je veux accrocher cette mont\u00e9e en D3. Ce serait bon pour le club, bon pour notre groupe aussi. Pour cela, je dois montrer l\u2019exemple sur le terrain.\u00a0\u00bb<\/p>\n<p>Un travail que Louna remplit \u00e0 la perfection.<\/p>\n<p><b>Vincent Ferrandon<\/b><\/p>\n<p><b>Cr\u00e9dit photo : Sports33.fr<\/b><\/p>\n<p>&nbsp;<\/p>\n<p>[\/et_pb_text][\/et_pb_column][\/et_pb_row][\/et_pb_section]<\/p>\n","protected":false},"excerpt":{"rendered":"<p>LE BON ROUAGE D\u2019ARLAC Milieu d\u00e9fensive des m\u00e9rignacaises \u00e0 la lutte pour la mont\u00e9e en D3, Louna Darrouy se montre pr\u00e9cieuse pour son \u00e9quipe. Un jeu qui s\u2019\u00e9toffe \u00e9galement au gr\u00e9 d\u2019un troph\u00e9e et d\u2019un CV appel\u00e9 \u00e0 gonfler. Elle esp\u00e8re monter d\u2019un cran. Et ainsi rego\u00fbter \u00e0 cette D3 qui lui fait envie. Actuellement [&hellip;]<\/p>\n","protected":false},"author":2,"featured_media":6693,"comment_status":"closed","ping_status":"closed","sticky":false,"template":"","format":"standard","meta":{"_et_pb_use_builder":"on","_et_pb_old_content":"","_et_gb_content_width":"1080","footnotes":""},"categories":[9,15],"tags":[],"class_list":["post-6688","post","type-post","status-publish","format-standard","has-post-thumbnail","hentry","category-football","category-portrait"],"_links":{"self":[{"href":"https:\/\/sports33.fr\/index.php?rest_route=\/wp\/v2\/posts\/6688","targetHints":{"allow":["GET"]}}],"collection":[{"href":"https:\/\/sports33.fr\/index.php?rest_route=\/wp\/v2\/posts"}],"about":[{"href":"https:\/\/sports33.fr\/index.php?rest_route=\/wp\/v2\/types\/post"}],"author":[{"embeddable":true,"href":"https:\/\/sports33.fr\/index.php?rest_route=\/wp\/v2\/users\/2"}],"replies":[{"embeddable":true,"href":"https:\/\/sports33.fr\/index.php?rest_route=%2Fwp%2Fv2%2Fcomments&post=6688"}],"version-history":[{"count":4,"href":"https:\/\/sports33.fr\/index.php?rest_route=\/wp\/v2\/posts\/6688\/revisions"}],"predecessor-version":[{"id":6695,"href":"https:\/\/sports33.fr\/index.php?rest_route=\/wp\/v2\/posts\/6688\/revisions\/6695"}],"wp:featuredmedia":[{"embeddable":true,"href":"https:\/\/sports33.fr\/index.php?rest_route=\/wp\/v2\/media\/6693"}],"wp:attachment":[{"href":"https:\/\/sports33.fr\/index.php?rest_route=%2Fwp%2Fv2%2Fmedia&parent=6688"}],"wp:term":[{"taxonomy":"category","embeddable":true,"href":"https:\/\/sports33.fr\/index.php?rest_route=%2Fwp%2Fv2%2Fcategories&post=6688"},{"taxonomy":"post_tag","embeddable":true,"href":"https:\/\/sports33.fr\/index.php?rest_route=%2Fwp%2Fv2%2Ftags&post=6688"}],"curies":[{"name":"wp","href":"https:\/\/api.w.org\/{rel}","templated":true}]}}