{"id":6683,"date":"2026-03-12T15:45:06","date_gmt":"2026-03-12T14:45:06","guid":{"rendered":"https:\/\/sports33.fr\/?p=6683"},"modified":"2026-03-12T15:45:06","modified_gmt":"2026-03-12T14:45:06","slug":"les-challenges-de-marianne","status":"publish","type":"post","link":"https:\/\/sports33.fr\/?p=6683","title":{"rendered":"Les challenges de Marianne"},"content":{"rendered":"<p>[et_pb_section fb_built=\u00a0\u00bb1&Prime; _builder_version=\u00a0\u00bb4.27.4&Prime; _module_preset=\u00a0\u00bbdefault\u00a0\u00bb global_colors_info=\u00a0\u00bb{}\u00a0\u00bb theme_builder_area=\u00a0\u00bbpost_content\u00a0\u00bb][et_pb_row _builder_version=\u00a0\u00bb4.27.4&Prime; _module_preset=\u00a0\u00bbdefault\u00a0\u00bb global_colors_info=\u00a0\u00bb{}\u00a0\u00bb theme_builder_area=\u00a0\u00bbpost_content\u00a0\u00bb][et_pb_column type=\u00a0\u00bb4_4&Prime; _builder_version=\u00a0\u00bb4.27.4&Prime; _module_preset=\u00a0\u00bbdefault\u00a0\u00bb global_colors_info=\u00a0\u00bb{}\u00a0\u00bb theme_builder_area=\u00a0\u00bbpost_content\u00a0\u00bb][et_pb_text _builder_version=\u00a0\u00bb4.27.4&Prime; _module_preset=\u00a0\u00bbdefault\u00a0\u00bb hover_enabled=\u00a0\u00bb0&Prime; global_colors_info=\u00a0\u00bb{}\u00a0\u00bb theme_builder_area=\u00a0\u00bbpost_content\u00a0\u00bb sticky_enabled=\u00a0\u00bb0&Prime;]<\/p>\n<p style=\"text-align: center;\"><b>LES CHALLENGES DE MARIANNE<\/b><\/p>\n<p><b>A la lutte pour le maintien avec l\u2019Abeille Girondine ASI en Elite, Marianne Percheron peut se targuer de vivre une carri\u00e8re atypique aux nombreux challenges et d\u00e9passements de soi.<\/b><\/p>\n<p>Dur ou sable. Pour Marianne Percheron, impossible de choisir.<span class=\"Apple-converted-space\">\u00a0 <\/span>Et la num\u00e9ro 9 illacaise n\u2019a pas voulu le faire : \u00ab\u00a0Je me partage cette saison entre le Beach volley et le volley en salle. J\u2019ai ainsi deux entra\u00eenements en beach et en salle chaque semaine. J\u2019aime ce rythme, j\u2019aime autant pratiquer ces deux disciplines de mon sport.\u00a0\u00bb<\/p>\n<p>Une d\u00e9couverte mais Marianne n\u2019est pas \u00e0 un d\u00e9fi pr\u00eat. La pointue aime \u00e7a. Tout sa carri\u00e8re a ainsi \u00e9t\u00e9 marqu\u00e9e par une envie d\u2019aller de l\u2019avant, de d\u00e9couvrir de nouveaux horizons et de se d\u00e9passer : \u00ab\u00a0J\u2019ai commenc\u00e9 tard le volley. Je faisais de la natation jusque l\u00e0 quand je me suis mis au volley \u00e0 l\u2019\u00e2ge de 17 ans. \u00c7a peut para\u00eetre tr\u00e8s tardif mais j\u2019ai voulu changer d\u2019environnement.\u00a0\u00bb<\/p>\n<p>Une id\u00e9e lumineuse au regard de la trajectoire de la joueuse de Gironde qui a d\u00e9but\u00e9 son parcours aux JSA Bordeaux avant de le poursuivre \u00e0 Floirac puis au Haillan en N3 : \u00ab\u00a0A chaque fois que j\u2019ai chang\u00e9 de club, j\u2019ai pass\u00e9 un cap et un niveau. Apr\u00e8s le Haillan, je suis ainsi partie au SA M\u00e9rignac pour \u00e9voluer en N2. C\u2019\u00e9tait encore un nouveau challenge qui m\u2019a plu.\u00a0\u00bb<\/p>\n<p>Un carrousel qui ne s\u2019est alors pas arr\u00eat\u00e9. L\u2019envie de vivre des moments forts pousse ainsi Marianne vers un retour au Haillan : \u00ab\u00a0C\u2019est mon club de coeur. Et puis, avec des copines, on s\u2019\u00e9tait dit que nous allions aider l\u2019\u00e9quipe a acc\u00e9der en N2.\u00a0\u00bb<\/p>\n<p>D\u00e9fi relev\u00e9 avec panache. Non seulement, les haillanaises se hissent \u00e0 l\u2019\u00e9tage du dessus mais elles assurent l\u2019an dernier leur maintien avec une Marianne Percheron plus que jamais \u00e0 la manoeuvre en tant que Pointue. \u00ab\u00a0L\u2019\u00e9quipe a connu pas mal de d\u00e9parts cet \u00e9t\u00e9. Je me suis dit qu\u2019il \u00e9tait peut \u00eatre temps de vivre une autre exp\u00e9rience.\u00a0\u00bb<\/p>\n<p>Suivant sa ligne de conduite, Marianne opte alors pour l\u2019\u00e9tage du dessus en signant \u00e0 Saint-Jean d\u2019Illac, en Elite, le deuxi\u00e8me niveau national du volley f\u00e9minin. Une trajectoire exemplaire d\u2019autant que le temps de l\u2019ancienne centrale est pr\u00e9cieux : \u00ab\u00a0J\u2019occupe un poste de direction dans un \u00e9tablissement de sant\u00e9. Les journ\u00e9es sont bien charg\u00e9es mais j\u2019arrive \u00e0 trouver du temps pour le volley et le beach\u00a0\u00bb pr\u00e9cise Marianne qui poss\u00e8de de vrais atouts dans une \u00e9quipe : \u00ab\u00a0Le fait d\u2019avoir d\u00e9but\u00e9 tard ma carri\u00e8re me rend impr\u00e9visible en attaque. Je n\u2019ai peut \u00eatre pas les gestes acad\u00e9miques que l\u2019on apprend jeune ou dans un centre de formation.\u00a0\u00bb<\/p>\n<p>A 28 ans, Marianne esp\u00e8re bien vivre d\u2019autres \u00e9motions. A commencer par cette fin de saison d\u00e9licate avec son \u00e9quipe, \u00e0 la lutte pour le maintien : \u00ab\u00a0La t\u00e2che sera difficile mais il faut y croire. Nous n\u2019avons rien \u00e0 perdre, le but est aussi de s\u2019amuser en jouant. Et puis, il n\u2019existe jamais vraiment d\u2019\u00e9checs\u00a0\u00bb, assure la sociable Marianne qui pr\u00e9cise : \u00ab\u00a0Je suis l\u00e0 pour apporter mon mental \u00e0 ce jeune groupe.\u00a0\u00bb<\/p>\n<p>Il sera alors temps d\u2019aborder la saison de beach volley avec son club du Bordeaux Beach Chillers. Mais Marianne aime tant sces d\u00e9fis.<\/p>\n<p><b>Vincent Ferrandon<\/b><\/p>\n<p><b>Cr\u00e9dit photo : Vincent G\u00e9rard<\/b><\/p>\n<p>&nbsp;<\/p>\n<p>[\/et_pb_text][\/et_pb_column][\/et_pb_row][\/et_pb_section]<\/p>\n","protected":false},"excerpt":{"rendered":"<p>LES CHALLENGES DE MARIANNE A la lutte pour le maintien avec l\u2019Abeille Girondine ASI en Elite, Marianne Percheron peut se targuer de vivre une carri\u00e8re atypique aux nombreux challenges et d\u00e9passements de soi. Dur ou sable. Pour Marianne Percheron, impossible de choisir.\u00a0 Et la num\u00e9ro 9 illacaise n\u2019a pas voulu le faire : \u00ab\u00a0Je me [&hellip;]<\/p>\n","protected":false},"author":2,"featured_media":6686,"comment_status":"closed","ping_status":"closed","sticky":false,"template":"","format":"standard","meta":{"_et_pb_use_builder":"on","_et_pb_old_content":"","_et_gb_content_width":"1080","footnotes":""},"categories":[15,12],"tags":[],"class_list":["post-6683","post","type-post","status-publish","format-standard","has-post-thumbnail","hentry","category-portrait","category-volley"],"_links":{"self":[{"href":"https:\/\/sports33.fr\/index.php?rest_route=\/wp\/v2\/posts\/6683","targetHints":{"allow":["GET"]}}],"collection":[{"href":"https:\/\/sports33.fr\/index.php?rest_route=\/wp\/v2\/posts"}],"about":[{"href":"https:\/\/sports33.fr\/index.php?rest_route=\/wp\/v2\/types\/post"}],"author":[{"embeddable":true,"href":"https:\/\/sports33.fr\/index.php?rest_route=\/wp\/v2\/users\/2"}],"replies":[{"embeddable":true,"href":"https:\/\/sports33.fr\/index.php?rest_route=%2Fwp%2Fv2%2Fcomments&post=6683"}],"version-history":[{"count":2,"href":"https:\/\/sports33.fr\/index.php?rest_route=\/wp\/v2\/posts\/6683\/revisions"}],"predecessor-version":[{"id":6687,"href":"https:\/\/sports33.fr\/index.php?rest_route=\/wp\/v2\/posts\/6683\/revisions\/6687"}],"wp:featuredmedia":[{"embeddable":true,"href":"https:\/\/sports33.fr\/index.php?rest_route=\/wp\/v2\/media\/6686"}],"wp:attachment":[{"href":"https:\/\/sports33.fr\/index.php?rest_route=%2Fwp%2Fv2%2Fmedia&parent=6683"}],"wp:term":[{"taxonomy":"category","embeddable":true,"href":"https:\/\/sports33.fr\/index.php?rest_route=%2Fwp%2Fv2%2Fcategories&post=6683"},{"taxonomy":"post_tag","embeddable":true,"href":"https:\/\/sports33.fr\/index.php?rest_route=%2Fwp%2Fv2%2Ftags&post=6683"}],"curies":[{"name":"wp","href":"https:\/\/api.w.org\/{rel}","templated":true}]}}