{"id":6679,"date":"2026-03-12T11:33:35","date_gmt":"2026-03-12T10:33:35","guid":{"rendered":"https:\/\/sports33.fr\/?p=6679"},"modified":"2026-03-12T11:33:35","modified_gmt":"2026-03-12T10:33:35","slug":"les-copains-dabord-2","status":"publish","type":"post","link":"https:\/\/sports33.fr\/?p=6679","title":{"rendered":"Les copains d\u2019abord"},"content":{"rendered":"<p>[et_pb_section fb_built=\u00a0\u00bb1&Prime; _builder_version=\u00a0\u00bb4.27.4&Prime; _module_preset=\u00a0\u00bbdefault\u00a0\u00bb global_colors_info=\u00a0\u00bb{}\u00a0\u00bb theme_builder_area=\u00a0\u00bbpost_content\u00a0\u00bb][et_pb_row _builder_version=\u00a0\u00bb4.27.4&Prime; _module_preset=\u00a0\u00bbdefault\u00a0\u00bb global_colors_info=\u00a0\u00bb{}\u00a0\u00bb theme_builder_area=\u00a0\u00bbpost_content\u00a0\u00bb][et_pb_column type=\u00a0\u00bb4_4&Prime; _builder_version=\u00a0\u00bb4.27.4&Prime; _module_preset=\u00a0\u00bbdefault\u00a0\u00bb global_colors_info=\u00a0\u00bb{}\u00a0\u00bb theme_builder_area=\u00a0\u00bbpost_content\u00a0\u00bb][et_pb_text _builder_version=\u00a0\u00bb4.27.4&Prime; _module_preset=\u00a0\u00bbdefault\u00a0\u00bb hover_enabled=\u00a0\u00bb0&Prime; global_colors_info=\u00a0\u00bb{}\u00a0\u00bb theme_builder_area=\u00a0\u00bbpost_content\u00a0\u00bb sticky_enabled=\u00a0\u00bb0&Prime;]<\/p>\n<p style=\"text-align: center;\"><b>LES COPAINS D\u2019ABORD<\/b><\/p>\n<p><b>Ailier solide et efficace, Guillaume Sauli\u00e8re fait partie des cadres du RC Gradignan, actuel leader de F\u00e9d\u00e9rale 3. Un cadre qui place le groupe et l\u2019\u00e9tat d\u2019esprit au dessus de tout.<\/b><\/p>\n<p>C\u2019est un fid\u00e8le, un vrai. Depuis 2019, Guillaume Sauli\u00e8re a pos\u00e9 ses valises au RC Gradignan. Un mariage qui dure et qui n\u2019est pas pr\u00eat de s\u2019arr\u00eater selon le num\u00e9ro 14 des Verts et Blanc : \u00ab\u00a0J\u2019aime cette ambiance de club familial que je vis \u00e0 Gradignan. J\u2019\u00e9volue avec des copains, on se voit en dehors des terrains, on mange ensemble les jeudis soir. Moi, c\u2019est l\u2019ambiance qui me plait dans le rugby. J\u2019ai rapidement su que je ne gagnerai pas ma vie dans ce sport mais je me retrouve compl\u00e8tement mes valeurs dans cette amiti\u00e9 entre nous qui est incomparable.\u00a0\u00bb<\/p>\n<p>De quoi inciter Guillaume a s\u2019exprimer totalement sur le terrain, lui qui est plut\u00f4t discret dans la vie : \u00ab\u00a0Disons que je fais mon travail lors des rencontres. Je ne suis pas un leader dans l\u2019\u00e2me. Mais mon r\u00f4le me convient tout \u00e0 fait.\u00a0\u00bb<\/p>\n<p>Un joueur d\u2019\u00e9quipe pr\u00e9cieux pour tout club, d\u2019autant que l\u2019ailier ne rechigne pas \u00e0 la t\u00e2che : \u00ab\u00a0J\u2019ai fait deux-trois matchs avec la B cette saison. Ce n\u2019est pas un probl\u00e8me. L\u2019ambiance est la m\u00eame dans ce groupe.\u00a0Je m\u2019y sens bien. \u00bb<\/p>\n<p>Un bien \u00eatre qui se ressent dans les prestations de Guillaume au fil de ses sorties avec son \u00e9quipe, laquelle occupe la premi\u00e8re place de sa poule de F\u00e9d\u00e9rale 3. Un situation \u00e0 m\u00eame de motiver un Guillaume qui s\u2019appr\u00eate \u00e0 retrouver les sensations fortes des phases finales : \u00ab\u00a0Je n\u2019ai disput\u00e9 qu\u2019une seule fois ces phases finales depuis que je suis arriv\u00e9 \u00e0 Gradignan. On se pr\u00e9pare \u00e0 ces finalit\u00e9s et esp\u00e9rant bien finir la saison r\u00e9guli\u00e8re pour essayer d\u2019\u00e9viter les barrages. Et puis, on tentera d\u2019aller le plus haut possible.\u00a0\u00bb<\/p>\n<p>Un vrai challenge pour un joueur qui a d\u00e9but\u00e9 par le football avant de bifurquer vers le ballon ovale \u00e0 l\u2019\u00e2ge de 14 ans. Une formation au CABBG durant deux ans puis un passage de six mois \u00e0 Lormont ont forg\u00e9 le caract\u00e8re de l\u2019ailier qui a rejoint le RC Gradignan peu avant ses 20 ans : J\u2019avais un peu perdu le go\u00fbt de jouer lorsque j\u2019ai rejoint le club. Je restais d\u2019ailleurs sur une p\u00e9riode de six mois loin du rugby, j\u2019avais arr\u00eat\u00e9.\u00a0\u00bb<\/p>\n<p>Guillaume, qui travaille dans la maintenance d\u00e9pannage climatisation et ventilation dans la vie, a alors repris le cours de sa carri\u00e8re. Une bonne pioche pour le RC Gradignan qui peut compter sur l\u2019engagement de son ailier d\u20191,72 m pour 92 kg : \u00ab\u00a0J\u2019aime le duel en un contre un en attaque, aller au contact en phases offensives, me servir aussi de ma vitesse\u00a0\u00bb \u00e9num\u00e8re calmement le joueur<span class=\"Apple-converted-space\">\u00a0 <\/span>de Gironde, lesquels affiche deux essais cette saison en guise de statistiques : \u00ab\u00a0Ce n\u2019est peut \u00eatre pas \u00e9norme comme chiffre mais j\u2019aime penser avant tout collectif. C\u2019est le plus important.\u00a0\u00bb<span class=\"Apple-converted-space\">\u00a0<\/span><\/p>\n<p>Toujours cette notion de camaraderie qui fait avancer Guillaume et son \u00e9quipe vers les sommets de F\u00e9d\u00e9rale 3.<\/p>\n<p><b>Vincent Ferrandon<\/b><\/p>\n<p><b>Cr\u00e9dit photo : Sports33.fr<\/b><\/p>\n<p>&nbsp;<\/p>\n<p>[\/et_pb_text][\/et_pb_column][\/et_pb_row][\/et_pb_section]<\/p>\n","protected":false},"excerpt":{"rendered":"<p>LES COPAINS D\u2019ABORD Ailier solide et efficace, Guillaume Sauli\u00e8re fait partie des cadres du RC Gradignan, actuel leader de F\u00e9d\u00e9rale 3. Un cadre qui place le groupe et l\u2019\u00e9tat d\u2019esprit au dessus de tout. C\u2019est un fid\u00e8le, un vrai. Depuis 2019, Guillaume Sauli\u00e8re a pos\u00e9 ses valises au RC Gradignan. Un mariage qui dure et [&hellip;]<\/p>\n","protected":false},"author":2,"featured_media":6680,"comment_status":"closed","ping_status":"closed","sticky":false,"template":"","format":"standard","meta":{"_et_pb_use_builder":"on","_et_pb_old_content":"","_et_gb_content_width":"1080","footnotes":""},"categories":[15,10],"tags":[],"class_list":["post-6679","post","type-post","status-publish","format-standard","has-post-thumbnail","hentry","category-portrait","category-rugby"],"_links":{"self":[{"href":"https:\/\/sports33.fr\/index.php?rest_route=\/wp\/v2\/posts\/6679","targetHints":{"allow":["GET"]}}],"collection":[{"href":"https:\/\/sports33.fr\/index.php?rest_route=\/wp\/v2\/posts"}],"about":[{"href":"https:\/\/sports33.fr\/index.php?rest_route=\/wp\/v2\/types\/post"}],"author":[{"embeddable":true,"href":"https:\/\/sports33.fr\/index.php?rest_route=\/wp\/v2\/users\/2"}],"replies":[{"embeddable":true,"href":"https:\/\/sports33.fr\/index.php?rest_route=%2Fwp%2Fv2%2Fcomments&post=6679"}],"version-history":[{"count":2,"href":"https:\/\/sports33.fr\/index.php?rest_route=\/wp\/v2\/posts\/6679\/revisions"}],"predecessor-version":[{"id":6682,"href":"https:\/\/sports33.fr\/index.php?rest_route=\/wp\/v2\/posts\/6679\/revisions\/6682"}],"wp:featuredmedia":[{"embeddable":true,"href":"https:\/\/sports33.fr\/index.php?rest_route=\/wp\/v2\/media\/6680"}],"wp:attachment":[{"href":"https:\/\/sports33.fr\/index.php?rest_route=%2Fwp%2Fv2%2Fmedia&parent=6679"}],"wp:term":[{"taxonomy":"category","embeddable":true,"href":"https:\/\/sports33.fr\/index.php?rest_route=%2Fwp%2Fv2%2Fcategories&post=6679"},{"taxonomy":"post_tag","embeddable":true,"href":"https:\/\/sports33.fr\/index.php?rest_route=%2Fwp%2Fv2%2Ftags&post=6679"}],"curies":[{"name":"wp","href":"https:\/\/api.w.org\/{rel}","templated":true}]}}