{"id":5873,"date":"2026-01-27T17:11:48","date_gmt":"2026-01-27T16:11:48","guid":{"rendered":"https:\/\/sports33.fr\/?p=5873"},"modified":"2026-01-27T17:11:48","modified_gmt":"2026-01-27T16:11:48","slug":"le-promu-se-porte-bien","status":"publish","type":"post","link":"https:\/\/sports33.fr\/?p=5873","title":{"rendered":"Le promu se porte bien"},"content":{"rendered":"<p>[et_pb_section fb_built=\u00a0\u00bb1&Prime; _builder_version=\u00a0\u00bb4.27.4&Prime; _module_preset=\u00a0\u00bbdefault\u00a0\u00bb global_colors_info=\u00a0\u00bb{}\u00a0\u00bb theme_builder_area=\u00a0\u00bbpost_content\u00a0\u00bb][et_pb_row _builder_version=\u00a0\u00bb4.27.4&Prime; _module_preset=\u00a0\u00bbdefault\u00a0\u00bb global_colors_info=\u00a0\u00bb{}\u00a0\u00bb theme_builder_area=\u00a0\u00bbpost_content\u00a0\u00bb][et_pb_column type=\u00a0\u00bb4_4&Prime; _builder_version=\u00a0\u00bb4.27.4&Prime; _module_preset=\u00a0\u00bbdefault\u00a0\u00bb global_colors_info=\u00a0\u00bb{}\u00a0\u00bb theme_builder_area=\u00a0\u00bbpost_content\u00a0\u00bb][et_pb_text _builder_version=\u00a0\u00bb4.27.4&Prime; _module_preset=\u00a0\u00bbdefault\u00a0\u00bb hover_enabled=\u00a0\u00bb0&Prime; global_colors_info=\u00a0\u00bb{}\u00a0\u00bb theme_builder_area=\u00a0\u00bbpost_content\u00a0\u00bb sticky_enabled=\u00a0\u00bb0&Prime;]<\/p>\n<p style=\"text-align: center;\"><b>LE PROMU SE PORTE BIEN<\/b><\/p>\n<p><b>L\u2019Entente Pessac occupe les premiers r\u00f4les du championnat Pr\u00e9national. Une bonne surprise apr\u00e8s la mont\u00e9e du club \u00e0 ce niveau cette saison.<\/b><\/p>\n<p>Un automne triomphal. Tel est ce qu\u2019a v\u00e9cu l\u2019Entente Pessac qui s\u2019est montr\u00e9e irr\u00e9sistible de d\u00e9but novembre \u00e0 la semaine derni\u00e8re. Une s\u00e9rie de six succ\u00e8s de rang en championnat qui a propuls\u00e9 le promu \u00e0 la quatri\u00e8me place du classement. <span class=\"Apple-converted-space\">\u00a0<\/span><\/p>\n<p>Une s\u00e9rie qui n\u2019a pris fin que la semaine derni\u00e8re donc lors d\u2019un des nombreux derbies de Gironde avec la r\u00e9ception du leader Castelnau. Une d\u00e9faite 71-79 qui n\u2019entache en rien la premi\u00e8re partie de saison pessacaise : \u00ab\u00a0Nous sommes au del\u00e0 de nos objectifs, se r\u00e9jouit Kevin Charmarty le coach pessacais, arriv\u00e9 sur le banc du club en d\u00e9but de saison. On est tr\u00e8s satisfait de cette phase aller. Le club n\u2019avait jamais pu rester deux ann\u00e9es de suite en Pr\u00e9national. Pour parvenir \u00e0 nous maintenir, nous avons effectu\u00e9 un bon recrutement. Avec les joueurs qui restaient, nous partions sur de bonnes bases.\u00a0\u00bb<\/p>\n<p>Malgr\u00e9 deux d\u00e9faites initiales, l\u2019Entente Pessac a ensuite donn\u00e9 sa pleine mesure. De bon augure au regard de la moyenne d\u2019\u00e2ge de l\u2019effectif : \u00ab Le groupe est plut\u00f4t jeune, encha\u00eene le technicien. Il manquait peut \u00eatre d\u2019exp\u00e9rience mais il a su se mettre au niveau. Mais au del\u00e0 des r\u00e9sultats, c\u2019est le contenu qui me r\u00e9jouit. Ce groupe joue bien et poss\u00e8de encore une marge de progression. C\u2019est toujours positif en sport.\u00bb<\/p>\n<p>Pas question pourtant de prendre la grosse t\u00eate. Si le maintien semble d\u2019ores et d\u00e9j\u00e0 une chose entendue, la m\u00e9fiance est encore de mise du c\u00f4t\u00e9 de la salle Fran\u00e7ois-Mitterrand : \u00ab\u00a0Nous enregistrons beaucoup de blessures. Depuis le d\u00e9but de saison, je n\u2019ai d\u2019ailleurs jamais pu aligner les dix joueurs que je souhaitaient aligner, explique Kevin Charmarty. Nous sommes dans une mauvaise p\u00e9riode concernant les bobos et \u00e7a nous oblige \u00e0 rester prudents quant \u00e0 la deuxi\u00e8me partie de saison. Nous avons su prendre les points n\u00e9cessaires pour travailler sereinement lors de la phase retour. Les joueurs ont envie de poursuivre leurs bonnes prestations, nos bons r\u00e9sultats leur en donnent l\u2019envie. L\u2019objectif maintenant va \u00eatre de poursuivre sur cette voie en continuant \u00e0 engranger les bons r\u00e9sultats.\u00a0\u00bb<\/p>\n<p>Pessac est lanc\u00e9.<\/p>\n<p><b>Vincent Ferrandon<\/b><\/p>\n<p><b>Cr\u00e9dit photo : Entente Pessac basket<\/b><\/p>\n<p>[\/et_pb_text][\/et_pb_column][\/et_pb_row][\/et_pb_section]<\/p>\n","protected":false},"excerpt":{"rendered":"<p>LE PROMU SE PORTE BIEN L\u2019Entente Pessac occupe les premiers r\u00f4les du championnat Pr\u00e9national. Une bonne surprise apr\u00e8s la mont\u00e9e du club \u00e0 ce niveau cette saison. Un automne triomphal. Tel est ce qu\u2019a v\u00e9cu l\u2019Entente Pessac qui s\u2019est montr\u00e9e irr\u00e9sistible de d\u00e9but novembre \u00e0 la semaine derni\u00e8re. Une s\u00e9rie de six succ\u00e8s de rang [&hellip;]<\/p>\n","protected":false},"author":2,"featured_media":5874,"comment_status":"closed","ping_status":"closed","sticky":false,"template":"","format":"standard","meta":{"_et_pb_use_builder":"on","_et_pb_old_content":"","_et_gb_content_width":"1080","footnotes":""},"categories":[14],"tags":[],"class_list":["post-5873","post","type-post","status-publish","format-standard","has-post-thumbnail","hentry","category-basket"],"_links":{"self":[{"href":"https:\/\/sports33.fr\/index.php?rest_route=\/wp\/v2\/posts\/5873","targetHints":{"allow":["GET"]}}],"collection":[{"href":"https:\/\/sports33.fr\/index.php?rest_route=\/wp\/v2\/posts"}],"about":[{"href":"https:\/\/sports33.fr\/index.php?rest_route=\/wp\/v2\/types\/post"}],"author":[{"embeddable":true,"href":"https:\/\/sports33.fr\/index.php?rest_route=\/wp\/v2\/users\/2"}],"replies":[{"embeddable":true,"href":"https:\/\/sports33.fr\/index.php?rest_route=%2Fwp%2Fv2%2Fcomments&post=5873"}],"version-history":[{"count":2,"href":"https:\/\/sports33.fr\/index.php?rest_route=\/wp\/v2\/posts\/5873\/revisions"}],"predecessor-version":[{"id":5877,"href":"https:\/\/sports33.fr\/index.php?rest_route=\/wp\/v2\/posts\/5873\/revisions\/5877"}],"wp:featuredmedia":[{"embeddable":true,"href":"https:\/\/sports33.fr\/index.php?rest_route=\/wp\/v2\/media\/5874"}],"wp:attachment":[{"href":"https:\/\/sports33.fr\/index.php?rest_route=%2Fwp%2Fv2%2Fmedia&parent=5873"}],"wp:term":[{"taxonomy":"category","embeddable":true,"href":"https:\/\/sports33.fr\/index.php?rest_route=%2Fwp%2Fv2%2Fcategories&post=5873"},{"taxonomy":"post_tag","embeddable":true,"href":"https:\/\/sports33.fr\/index.php?rest_route=%2Fwp%2Fv2%2Ftags&post=5873"}],"curies":[{"name":"wp","href":"https:\/\/api.w.org\/{rel}","templated":true}]}}