{"id":5858,"date":"2026-01-26T19:59:07","date_gmt":"2026-01-26T18:59:07","guid":{"rendered":"https:\/\/sports33.fr\/?p=5858"},"modified":"2026-01-26T19:59:07","modified_gmt":"2026-01-26T18:59:07","slug":"le-pessacais-a-bien-grandi","status":"publish","type":"post","link":"https:\/\/sports33.fr\/?p=5858","title":{"rendered":"Le pessacais a bien grandi"},"content":{"rendered":"<p>[et_pb_section fb_built=\u00a0\u00bb1&Prime; _builder_version=\u00a0\u00bb4.27.4&Prime; _module_preset=\u00a0\u00bbdefault\u00a0\u00bb global_colors_info=\u00a0\u00bb{}\u00a0\u00bb theme_builder_area=\u00a0\u00bbpost_content\u00a0\u00bb][et_pb_row _builder_version=\u00a0\u00bb4.27.4&Prime; _module_preset=\u00a0\u00bbdefault\u00a0\u00bb global_colors_info=\u00a0\u00bb{}\u00a0\u00bb theme_builder_area=\u00a0\u00bbpost_content\u00a0\u00bb][et_pb_column type=\u00a0\u00bb4_4&Prime; _builder_version=\u00a0\u00bb4.27.4&Prime; _module_preset=\u00a0\u00bbdefault\u00a0\u00bb global_colors_info=\u00a0\u00bb{}\u00a0\u00bb theme_builder_area=\u00a0\u00bbpost_content\u00a0\u00bb][et_pb_text _builder_version=\u00a0\u00bb4.27.4&Prime; _module_preset=\u00a0\u00bbdefault\u00a0\u00bb hover_enabled=\u00a0\u00bb0&Prime; global_colors_info=\u00a0\u00bb{}\u00a0\u00bb theme_builder_area=\u00a0\u00bbpost_content\u00a0\u00bb sticky_enabled=\u00a0\u00bb0&Prime;]<\/p>\n<p style=\"text-align: center;\"><b>LE PESSACAIS A BIEN GRANDI<\/b><\/p>\n<p><b>Lucas Blanc, l\u2019ailier de l\u2019USON Nevers en Pro D2, r\u00e9alise une carri\u00e8re en tous points remarquables. Ce qui ne l\u2019emp\u00eache pas de garder un oeil sur son club formateur de Pessac qu\u2019il pourrait bien retrouver une fois son beau parcours en ovalie termin\u00e9.<\/b><\/p>\n<p>Il n\u2019a pas oubli\u00e9 ses racines. Et vu le caract\u00e8re de Lucas Blanc, le contraire aurait \u00e9t\u00e9 \u00e9tonnant. L\u2019ailier de l\u2019USON Nevers en ProD2 parle de ses d\u00e9buts chez lui \u00e0 Pessac avec toujours cette lumi\u00e8re dans les yeux : \u00ab\u00a0J\u2019ai chauss\u00e9 mes premiers crampons \u00e0 l\u2019\u00e2ge de 3-4 ans. Mon p\u00e8re, qui est devenu le pr\u00e9sident du Pessac Rugby, pratiquait. Mon grand-p\u00e8re \u00e9tait aussi tr\u00e8s impliqu\u00e9 dans le ballon ovale. Le rugby, c\u2019est une histoire de famille.\u00a0\u00bb<\/p>\n<p>Le sport, la passion et le plaisir de jouer anime alors le jeune Lucas qui effectue ses premiers pas dans son fief pessacais. De quoi montrer des aptitudes qui vont vite attirer les regards au del\u00e0 des limites de la commune : \u00ab\u00a0Mes parents avaient entendu que le lyc\u00e9e Victor-Louis \u00e0 Talence organisait des d\u00e9tections pour les pr\u00e9-fili\u00e8res. J\u2019ai tent\u00e9 ma chance.\u00a0\u00bb<\/p>\n<p><span class=\"Apple-converted-space\">\u00a0<\/span>Naturellement Lucas passe les tests sans souci. Une premi\u00e8re \u00e9tape dans l\u2019ascension d\u2019un joueur qui n\u2019aime pas vraiment se mettre en avant. Mais sa discr\u00e9tion et son envie de se fondre dans le groupe en prennent un coup. Car le jeune Lucas attire la lumi\u00e8re et les regards : \u00ab\u00a0Je suis parti \u00e0 B\u00e8gles dans un club de niveau A. En Gironde, c\u2019\u00e9tait le choix naturel. J\u2019ai alors port\u00e9 les couleurs du CABBG comme il se nommait \u00e0 l\u2019\u00e9poque.\u00a0\u00bb<span class=\"Apple-converted-space\">\u00a0 <\/span>Une bonne pioche qui d\u00e9bouche sur une belle moisson avec un titre de champion de France minimes : \u00ab\u00a0Cela peut para\u00eetre anecdotique mais c\u2019est un titre et j\u2019y suis attach\u00e9.\u00a0Et puis, j\u2019ai retrouv\u00e9 une famille \u00e0 B\u00e8gles. Je m\u2019y suis \u00e9panoui. Mon passage l\u00e0-bas fut tr\u00e8s important.\u00bb<\/p>\n<p>Une progression qui s\u2019accompagne par l\u2019entr\u00e9e au p\u00f4le espoir de Talence puis au p\u00f4le France. S\u2019en suivent des capes avec les Bleus en U18 et U20 avec des participations \u00e0 deux coupes du monde de cette cat\u00e9gorie mais aussi \u00e0 deux tournois des Six Nations U20. Des s\u00e9lections qui s\u2019accumulent avant une mont\u00e9e en puissance sous les couleurs de l\u2019UBB. Une exp\u00e9rience qui va cependant tourner court : \u00ab\u00a0Je n\u2019ai disput\u00e9 que trois matchs de coupe d\u2019Europe avec l\u2019\u00e9quipe premi\u00e8re. En fin de saison, Laurent Marty m\u2019a dit que l\u2019avenir \u00e0 mon poste \u00e9tait bouch\u00e9. Je ne lui en veux pas.\u00a0\u00bb<span class=\"Apple-converted-space\">\u00a0<\/span><\/p>\n<p>Lucas part alors pour poursuivre la pratique de son sport \u00e0 haut niveau. \u00ab\u00a0Je suis parti de l\u2019UBB avec un titre de champion de France espoirs\u00a0\u00bb se f\u00e9licite-t-il quand m\u00eame.<\/p>\n<p>Lucas prend alors la direction d\u2019Albi pour une vraie plong\u00e9e dans le rugby pro. \u00ab\u00a0J\u2019y ai d\u00e9couvert une grosse concurrence. A mon poste, les namibiens, les fidjiens r\u00e8gnent. Il a fallu s\u2019accrocher mais j\u2019ai la satisfaction d\u2019avoir jouer toute la fin de saison.\u00a0\u00bb<\/p>\n<p>Assez pour int\u00e9resser l\u2019USON Nevers. Le club bourguignon attire l\u2019ailier dans ses filets. Un mariage gagnant pour les deux parties : \u00ab\u00a0Nevers, c\u2019est une vraie opportunit\u00e9. Le projet \u00e9tait vraiment int\u00e9ressant, les infrastructures parfaites. Je n\u2019ai pas h\u00e9sit\u00e9.\u00a0\u00bb<\/p>\n<p>Une belle inspiration car depuis, Lucas Blanc n\u2019a plus boug\u00e9. Voici neuf ans qu\u2019il porte d\u00e9sormais les couleurs du club en ProD2, faisant de lui, l\u2019un des \u00e9l\u00e9ments de base de l\u2019\u00e9quipe : \u00ab\u00a0Je suis bien \u00e0 Nevers. Je suis un homme de parole, fid\u00e8le. J\u2019ai beau \u00eatre bordelais et je le resterai toujours, je suis aussi maintenant un bourguignon d\u2019adoption.\u00a0\u00bb<\/p>\n<p>Un club qui colle parfaitement aux caract\u00e9ristiques de Lucas, humble, travailleur et ne faisant pas de vagues : \u00ab\u00a0Je suis quelqu\u2019un de loyal. Je pense que \u00e7a se ressent dans mon jeu, je ne triche jamais. Je suis un besogneux, un joueur de l\u2019ombre mais qui travaille toujours en pensant collectif.\u00a0\u00bb<\/p>\n<p>Un joueur qui a manqu\u00e9 \u00e0 son club. La saison derni\u00e8re a ainsi \u00e9t\u00e9 marqu\u00e9e par des gros p\u00e9pins avec une rupture des ligaments crois\u00e9s et un m\u00e9nisque en vrac. Des blessures qui ont perdur\u00e9 cette saison : \u00ab\u00a0Je reviens tout juste de trois mois \u00e0 l\u2019infirmerie en raison d\u2019un ischio. Je viens de revenir, \u00e7a fait du bien.\u00a0\u00bb<\/p>\n<p>A 30 ans, le pessacais esp\u00e8re bien vivre une fin de saison tout feu tout flamme. Actuelle septi\u00e8me de ProD2, son \u00e9quipe pourrait esp\u00e9rer accrocher les phases finales. Un objectif pour Lucas qui a d\u00e9j\u00e0 pr\u00e9vu la suite. Dans quelques ann\u00e9es, une fois ma carri\u00e8re pro termin\u00e9e, pourquoi ne pas boucler la boucle et aider le Pessac Rugby, prendre du plaisir avec les copains et apporter mon exp\u00e9rience.\u00a0\u00bb<\/p>\n<p>L\u2019id\u00e9e devrait faire son chemin.<\/p>\n<p><b>Vincent Ferrandon<\/b><\/p>\n<p><b>Cr\u00e9dit photo : USON Nevers<\/b><\/p>\n<p>[\/et_pb_text][\/et_pb_column][\/et_pb_row][\/et_pb_section]<\/p>\n","protected":false},"excerpt":{"rendered":"<p>LE PESSACAIS A BIEN GRANDI Lucas Blanc, l\u2019ailier de l\u2019USON Nevers en Pro D2, r\u00e9alise une carri\u00e8re en tous points remarquables. Ce qui ne l\u2019emp\u00eache pas de garder un oeil sur son club formateur de Pessac qu\u2019il pourrait bien retrouver une fois son beau parcours en ovalie termin\u00e9. Il n\u2019a pas oubli\u00e9 ses racines. Et [&hellip;]<\/p>\n","protected":false},"author":2,"featured_media":5861,"comment_status":"closed","ping_status":"closed","sticky":false,"template":"","format":"standard","meta":{"_et_pb_use_builder":"on","_et_pb_old_content":"","_et_gb_content_width":"1080","footnotes":""},"categories":[15,10],"tags":[],"class_list":["post-5858","post","type-post","status-publish","format-standard","has-post-thumbnail","hentry","category-portrait","category-rugby"],"_links":{"self":[{"href":"https:\/\/sports33.fr\/index.php?rest_route=\/wp\/v2\/posts\/5858","targetHints":{"allow":["GET"]}}],"collection":[{"href":"https:\/\/sports33.fr\/index.php?rest_route=\/wp\/v2\/posts"}],"about":[{"href":"https:\/\/sports33.fr\/index.php?rest_route=\/wp\/v2\/types\/post"}],"author":[{"embeddable":true,"href":"https:\/\/sports33.fr\/index.php?rest_route=\/wp\/v2\/users\/2"}],"replies":[{"embeddable":true,"href":"https:\/\/sports33.fr\/index.php?rest_route=%2Fwp%2Fv2%2Fcomments&post=5858"}],"version-history":[{"count":2,"href":"https:\/\/sports33.fr\/index.php?rest_route=\/wp\/v2\/posts\/5858\/revisions"}],"predecessor-version":[{"id":5864,"href":"https:\/\/sports33.fr\/index.php?rest_route=\/wp\/v2\/posts\/5858\/revisions\/5864"}],"wp:featuredmedia":[{"embeddable":true,"href":"https:\/\/sports33.fr\/index.php?rest_route=\/wp\/v2\/media\/5861"}],"wp:attachment":[{"href":"https:\/\/sports33.fr\/index.php?rest_route=%2Fwp%2Fv2%2Fmedia&parent=5858"}],"wp:term":[{"taxonomy":"category","embeddable":true,"href":"https:\/\/sports33.fr\/index.php?rest_route=%2Fwp%2Fv2%2Fcategories&post=5858"},{"taxonomy":"post_tag","embeddable":true,"href":"https:\/\/sports33.fr\/index.php?rest_route=%2Fwp%2Fv2%2Ftags&post=5858"}],"curies":[{"name":"wp","href":"https:\/\/api.w.org\/{rel}","templated":true}]}}