{"id":5830,"date":"2026-01-24T12:22:40","date_gmt":"2026-01-24T11:22:40","guid":{"rendered":"https:\/\/sports33.fr\/?p=5830"},"modified":"2026-01-24T12:22:40","modified_gmt":"2026-01-24T11:22:40","slug":"raphael-en-mode-defense","status":"publish","type":"post","link":"https:\/\/sports33.fr\/?p=5830","title":{"rendered":"Rapha\u00ebl en mode d\u00e9fense"},"content":{"rendered":"<p>[et_pb_section fb_built=\u00a0\u00bb1&Prime; _builder_version=\u00a0\u00bb4.27.4&Prime; _module_preset=\u00a0\u00bbdefault\u00a0\u00bb global_colors_info=\u00a0\u00bb{}\u00a0\u00bb theme_builder_area=\u00a0\u00bbpost_content\u00a0\u00bb][et_pb_row _builder_version=\u00a0\u00bb4.27.4&Prime; _module_preset=\u00a0\u00bbdefault\u00a0\u00bb global_colors_info=\u00a0\u00bb{}\u00a0\u00bb theme_builder_area=\u00a0\u00bbpost_content\u00a0\u00bb][et_pb_column type=\u00a0\u00bb4_4&Prime; _builder_version=\u00a0\u00bb4.27.4&Prime; _module_preset=\u00a0\u00bbdefault\u00a0\u00bb global_colors_info=\u00a0\u00bb{}\u00a0\u00bb theme_builder_area=\u00a0\u00bbpost_content\u00a0\u00bb][et_pb_text _builder_version=\u00a0\u00bb4.27.4&Prime; _module_preset=\u00a0\u00bbdefault\u00a0\u00bb hover_enabled=\u00a0\u00bb0&Prime; global_colors_info=\u00a0\u00bb{}\u00a0\u00bb theme_builder_area=\u00a0\u00bbpost_content\u00a0\u00bb sticky_enabled=\u00a0\u00bb0&Prime;]<\/p>\n<p style=\"text-align: center;\"><b>RAPHA\u00cbL EN MODE D\u00c9FENSE<\/b><\/p>\n<p><b>Apr\u00e8s une saison derni\u00e8re amput\u00e9e par un long s\u00e9jour \u00e0 l\u2019\u00e9tranger pour les \u00e9tudes, Rapha\u00ebl Fuzeau donne sa pleine mesure dans son secteur de jeu pr\u00e9f\u00e9rentiel avec l\u2019AS Tresses en N3.<span class=\"Apple-converted-space\">\u00a0<\/span><\/b><\/p>\n<p>Il attaque par la d\u00e9fense. \u00ab\u00a0J\u2019aime mettre beaucoup d\u2019\u00e9nergie sur le terrain et au sein de la d\u00e9fense de mon \u00e9quipe. C\u2019est un secteur que j\u2019appr\u00e9cie beaucoup.\u00a0\u00bb<\/p>\n<p>De quoi faire de Rapha\u00ebl Fuzeau un \u00e9l\u00e9ment pr\u00e9pond\u00e9rant au sein de l\u2019effectif de l\u2019AS Tresses, actuellement point\u00e9 \u00e0 la douzi\u00e8me place de N3 et qui reste sur un succ\u00e8s face au Basket Seychois (63-56) avant le d\u00e9placement la semaine prochain au Basket Club Ossunois, dernier de la poule.<\/p>\n<p>Une pleine mesure mais aussi une lib\u00e9ration pour l\u2019\u00e9tudiant en \u00e9cole de commerce \u00e0 Kedge qui avait du laisser ses co\u00e9quipi\u00e8res une partie de l\u2019ann\u00e9e derni\u00e8re en raison d\u2019un stage de plusieurs mois effectu\u00e9 \u00e0 Bali.<\/p>\n<p>De retour en France et en Gironde, Rapha\u00ebl s\u2019est lanc\u00e9 t\u00eate baiss\u00e9e dans cette saison : \u00ab\u00a0Je d\u00e9couvrais l\u2019an dernier le niveau N3 avec l\u2019AS Tresses, un club que j\u2019avais rejoint l\u2019ann\u00e9e d\u2019avant. J\u2019y ai go\u00fbt\u00e9 avant mon d\u00e9part mais cette saison est ma premi\u00e8re v\u00e9ritable \u00e0 ce niveau. Je sens que je progresse. Maintenant, j\u2019aimerais devenir un joueur influent dans l\u2019\u00e9quipe et \u00e0 ce niveau.\u00a0\u00bb<\/p>\n<p>A 20 ans, Rapha\u00ebl a tout l\u2019avenir devant lui. D\u2019autant que le parcours du poste 3 ou 4 d\u00e9montre d\u00e9j\u00e0 un certain savoir-faire : \u00ab\u00a0J\u2019ai commenc\u00e9 \u00e0 faire du basket \u00e0 6 ans. Quand j\u2019\u00e9tais petit, j\u2019\u00e9tais d\u00e9j\u00e0 grand. Et comme ce sport me plaisait, tout s\u2019est fait naturellement. J\u2019adorais le basket.\u00a0\u00bb<\/p>\n<p>Le rochelais rejoint alors La Jarrie avant de porter les couleurs de Tasdon, du Rupella puis de partir direction Poitiers : \u00ab\u00a0J\u2019ai int\u00e9gr\u00e9 le centre de formation du club poitevin. J\u2019ai progress\u00e9 l\u00e0-bas mais le rythme de deux entra\u00eenements par jour ne me convenait pas. Les \u00e9tudes prenaient beaucoup de place et je pr\u00e9f\u00e9rais prioriser ces \u00e9tudes.\u00a0C\u2019est comme \u00e7a que j\u2019ai rejoint Tresses. Je poursuivais mon cursus universitaire sur Bordeaux mais je ne voulais pas arr\u00eater le basket. J\u2019ai trouv\u00e9 tout ce que je voulais \u00e0 Tresses, un club familial et une \u00e9quipe qui travaille bien sous l\u2019\u00e9gide du coach Jean-Yves Jannin.\u00a0\u00bb<\/p>\n<p>Un mariage r\u00e9ussi entre le joueur de 2,03 m et une \u00e9quipe qui profite des aptitudes collective de Rapha\u00ebl Fuzeau. Ce dernier, en bon \u00e9l\u00e8ve qu\u2019il est, continue d\u2019emmagasiner de pr\u00e9cieux conseils pour le futur : \u00ab\u00a0Je suis demandeur. Nous avons des joueurs exp\u00e9riment\u00e9s dont je m\u2019inspire. Je travaille aussi sur ma polyvalence car je mets le collectif au dessus de tout. Dans cet esprit, je tente d\u2019apporter le plus possible \u00e0 l\u2019\u00e9quipe avec mon jeu de d\u00e9fense mais aussi en \u00e9tant pr\u00e9sent aux rebonds\u00a0\u00bb assure le num\u00e9ro 10 des Rouge qui ne s\u2019arr\u00eate jamais : \u00ab\u00a0A Kedge, je coache des \u00e9quipes de l\u2019\u00e9cole. J\u2019aime \u00e7a, j\u2019aime transmettre. J\u2019avoue \u00e9galement \u00eatre un vrai comp\u00e9titeur. Une d\u00e9faite quelle qu\u2019elle soit est toujours difficile \u00e0 dig\u00e9rer. Et c\u2019est valable en sport ou lorsque je joue aux jeux de soci\u00e9t\u00e9\u00a0\u00bb sourit-il.<span class=\"Apple-converted-space\">\u00a0<\/span><\/p>\n<p>Un esprit de gagne qui pourrait le mener plus haut. Mais Rapha\u00ebl pr\u00e9f\u00e8re rester prudent : \u00ab\u00a0Si l\u2019occasion se pr\u00e9sente, \u00e7a pourrait m\u2019int\u00e9resser. Mais bon, je pense que mon futur travail ne me permettra peut \u00eatre pas de pouvoir m\u2019investir sur plusieurs entra\u00eenements semaines.\u00a0\u00bb<\/p>\n<p>Autant profiter du moment pr\u00e9sent, prendre du plaisir et assurer \u00e0 l\u2019AS Tresses une troisi\u00e8me saison de rang en N3.<\/p>\n<p><b>Vincent Ferrandon<\/b><\/p>\n<p><b>Cr\u00e9dit photo : Sports33.fr<\/b><\/p>\n<p>&nbsp;<\/p>\n<p>[\/et_pb_text][\/et_pb_column][\/et_pb_row][\/et_pb_section]<\/p>\n","protected":false},"excerpt":{"rendered":"<p>RAPHA\u00cbL EN MODE D\u00c9FENSE Apr\u00e8s une saison derni\u00e8re amput\u00e9e par un long s\u00e9jour \u00e0 l\u2019\u00e9tranger pour les \u00e9tudes, Rapha\u00ebl Fuzeau donne sa pleine mesure dans son secteur de jeu pr\u00e9f\u00e9rentiel avec l\u2019AS Tresses en N3.\u00a0 Il attaque par la d\u00e9fense. \u00ab\u00a0J\u2019aime mettre beaucoup d\u2019\u00e9nergie sur le terrain et au sein de la d\u00e9fense de mon [&hellip;]<\/p>\n","protected":false},"author":2,"featured_media":5831,"comment_status":"closed","ping_status":"closed","sticky":false,"template":"","format":"standard","meta":{"_et_pb_use_builder":"on","_et_pb_old_content":"","_et_gb_content_width":"1080","footnotes":""},"categories":[14,15],"tags":[],"class_list":["post-5830","post","type-post","status-publish","format-standard","has-post-thumbnail","hentry","category-basket","category-portrait"],"_links":{"self":[{"href":"https:\/\/sports33.fr\/index.php?rest_route=\/wp\/v2\/posts\/5830","targetHints":{"allow":["GET"]}}],"collection":[{"href":"https:\/\/sports33.fr\/index.php?rest_route=\/wp\/v2\/posts"}],"about":[{"href":"https:\/\/sports33.fr\/index.php?rest_route=\/wp\/v2\/types\/post"}],"author":[{"embeddable":true,"href":"https:\/\/sports33.fr\/index.php?rest_route=\/wp\/v2\/users\/2"}],"replies":[{"embeddable":true,"href":"https:\/\/sports33.fr\/index.php?rest_route=%2Fwp%2Fv2%2Fcomments&post=5830"}],"version-history":[{"count":2,"href":"https:\/\/sports33.fr\/index.php?rest_route=\/wp\/v2\/posts\/5830\/revisions"}],"predecessor-version":[{"id":5833,"href":"https:\/\/sports33.fr\/index.php?rest_route=\/wp\/v2\/posts\/5830\/revisions\/5833"}],"wp:featuredmedia":[{"embeddable":true,"href":"https:\/\/sports33.fr\/index.php?rest_route=\/wp\/v2\/media\/5831"}],"wp:attachment":[{"href":"https:\/\/sports33.fr\/index.php?rest_route=%2Fwp%2Fv2%2Fmedia&parent=5830"}],"wp:term":[{"taxonomy":"category","embeddable":true,"href":"https:\/\/sports33.fr\/index.php?rest_route=%2Fwp%2Fv2%2Fcategories&post=5830"},{"taxonomy":"post_tag","embeddable":true,"href":"https:\/\/sports33.fr\/index.php?rest_route=%2Fwp%2Fv2%2Ftags&post=5830"}],"curies":[{"name":"wp","href":"https:\/\/api.w.org\/{rel}","templated":true}]}}