{"id":5752,"date":"2026-01-20T19:56:20","date_gmt":"2026-01-20T18:56:20","guid":{"rendered":"https:\/\/sports33.fr\/?p=5752"},"modified":"2026-01-20T19:56:20","modified_gmt":"2026-01-20T18:56:20","slug":"la-touche-a-tout-illacaise","status":"publish","type":"post","link":"https:\/\/sports33.fr\/?p=5752","title":{"rendered":"La touche \u00e0 tout illacaise"},"content":{"rendered":"<p>[et_pb_section fb_built=\u00a0\u00bb1&Prime; _builder_version=\u00a0\u00bb4.27.4&Prime; _module_preset=\u00a0\u00bbdefault\u00a0\u00bb global_colors_info=\u00a0\u00bb{}\u00a0\u00bb theme_builder_area=\u00a0\u00bbpost_content\u00a0\u00bb][et_pb_row _builder_version=\u00a0\u00bb4.27.4&Prime; _module_preset=\u00a0\u00bbdefault\u00a0\u00bb global_colors_info=\u00a0\u00bb{}\u00a0\u00bb theme_builder_area=\u00a0\u00bbpost_content\u00a0\u00bb][et_pb_column type=\u00a0\u00bb4_4&Prime; _builder_version=\u00a0\u00bb4.27.4&Prime; _module_preset=\u00a0\u00bbdefault\u00a0\u00bb global_colors_info=\u00a0\u00bb{}\u00a0\u00bb theme_builder_area=\u00a0\u00bbpost_content\u00a0\u00bb][et_pb_text _builder_version=\u00a0\u00bb4.27.4&Prime; _module_preset=\u00a0\u00bbdefault\u00a0\u00bb hover_enabled=\u00a0\u00bb0&Prime; global_colors_info=\u00a0\u00bb{}\u00a0\u00bb theme_builder_area=\u00a0\u00bbpost_content\u00a0\u00bb sticky_enabled=\u00a0\u00bb0&Prime;]<\/p>\n<p style=\"text-align: center;\"><b>LA TOUCHE \u00c0 TOUT ILLACAISE<\/b><\/p>\n<p><b>Form\u00e9e au club, Agathe Durand a franchi toutes les \u00e9tapes \u00e0 l\u2019Abeille Girondine ASI. L\u2019attaquante-r\u00e9ceptionneuse compte bien tout faire pour maintenir son \u00e9quipe en Elite en fin de saison. Un club qui compte pour elle pour plusieurs raisons.<\/b><\/p>\n<p>Pas de secret pour Agathe. A l\u2019Abeille Girondine ASI, la r\u00e9ceptionneuse-attaquante est comme chez elle.<span class=\"Apple-converted-space\">\u00a0 <\/span>D\u2019ailleurs elle oscille sans difficult\u00e9 entre l\u2019\u00e9quipe senior pro des gar\u00e7ons de Ligue B et celle des filles en Elite.<span class=\"Apple-converted-space\">\u00a0<\/span><\/p>\n<p>Une double fonction qu\u2019explique l\u2019illacaise : \u00ab\u00a0Je passe un master dans l\u2019\u00e9v\u00e8nementiel sportif. Je suis en alternance au club sur la partie des pro gar\u00e7ons. Je m\u2019occupe de l\u2019organisation des matchs, de la logistique, de la partie r\u00e9glementaire mais aussi de la billetterie et des b\u00e9n\u00e9voles.\u00a0\u00bb<\/p>\n<p>Une multi fonctions qui a de quoi accro\u00eetre la connaissance du club pour une Agathe Durand qui n\u2019en a pas vraiment besoin : \u00ab\u00a0Je joue au volley \u00e0 Saint Jean d\u2019Illac depuis que je suis petite. J\u2019habite la commune, ici le sport, c\u2019est le volley. Je m\u2019y suis naturellement dirig\u00e9e.\u00a0\u00bb<\/p>\n<p>Une bonne id\u00e9e tant Agathe progresse avec les siennes jusqu\u2019\u00e0 int\u00e9grer l\u2019\u00e9quipe premi\u00e8re et d\u2019\u00e9voluer en Elite, le deuxi\u00e8me niveau fran\u00e7ais du volley f\u00e9minin depuis deux saisons : \u00ab\u00a0Je n\u2019esp\u00e9rais pas jouer \u00e0 ce niveau. Mais bon, j\u2019ai saisi l\u2019opportunit\u00e9, qui plus est avec mon club de toujours. La mont\u00e9e de N2 en Elite reste d\u2019ailleurs un moment tr\u00e8s fort de ma carri\u00e8re.\u00a0\u00bb<\/p>\n<p>Une carri\u00e8re qui n\u2019en est qu\u2019\u00e0 ses d\u00e9buts. A 22 ans, la num\u00e9ro 7 de l\u2019Abeille Girondine ASI peut encore vivre de grands moments comme le fait de relever le d\u00e9fi du maintien, mal engag\u00e9 pour le moment pour son \u00e9quipe qui affiche un bilan d\u2019une victoire pour onze d\u00e9faites depuis le d\u00e9but de saison.<span class=\"Apple-converted-space\">\u00a0<\/span><\/p>\n<p>Mais pas question de baisser les bras pour la joueuse de Gironde pour la meneuse qui entend peser de tout son poids dans la balance : \u00ab\u00a0J\u2019ai peut-\u00eatre un profil atypique \u00e0 mon poste car je ne mesure qu\u20191,70 m mais j\u2019apporte le plus que je peux \u00e0 l\u2019\u00e9quipe. Je donne de la voix, je ne l\u00e2che jamais rien, je suis combattante, je me bats sur tous les points\u00a0\u00bb pr\u00e9cise Agathe qui se trouve sur le flanc depuis d\u00e9but d\u00e9cembre : \u00ab\u00a0Je souffre d\u2019une entorse de la cheville. J\u2019ai repris l\u2019entra\u00eenement d\u00e9but janvier, je retrouve petit \u00e0 petit mes sensations\u00a0\u00bb.<span class=\"Apple-converted-space\">\u00a0<\/span><\/p>\n<p>Forc\u00e9ment une bonne nouvelle pour des illacaises qui n\u2019ont pas perdu leur ADN : \u00ab Nous sommes une bande de copines. L\u2019\u00e9tat d\u2019esprit est excellent. Tout est fait pour relever la t\u00eate et prendre du plaisir \u00e0 jouer.\u00bb<\/p>\n<p>Jusqu\u2019au bout Agathe Durand donnera tout, c\u2019est une certitude.<\/p>\n<p><b>Vincent Ferrandon<\/b><\/p>\n<p><b>Cr\u00e9dit photo : Vincent G\u00e9rard<\/b><\/p>\n<p>&nbsp;<\/p>\n<p>&nbsp;<\/p>\n<p>[\/et_pb_text][\/et_pb_column][\/et_pb_row][\/et_pb_section]<\/p>\n","protected":false},"excerpt":{"rendered":"<p>LA TOUCHE \u00c0 TOUT ILLACAISE Form\u00e9e au club, Agathe Durand a franchi toutes les \u00e9tapes \u00e0 l\u2019Abeille Girondine ASI. L\u2019attaquante-r\u00e9ceptionneuse compte bien tout faire pour maintenir son \u00e9quipe en Elite en fin de saison. Un club qui compte pour elle pour plusieurs raisons. Pas de secret pour Agathe. A l\u2019Abeille Girondine ASI, la r\u00e9ceptionneuse-attaquante est [&hellip;]<\/p>\n","protected":false},"author":2,"featured_media":5755,"comment_status":"closed","ping_status":"closed","sticky":false,"template":"","format":"standard","meta":{"_et_pb_use_builder":"on","_et_pb_old_content":"","_et_gb_content_width":"1080","footnotes":""},"categories":[15,12],"tags":[],"class_list":["post-5752","post","type-post","status-publish","format-standard","has-post-thumbnail","hentry","category-portrait","category-volley"],"_links":{"self":[{"href":"https:\/\/sports33.fr\/index.php?rest_route=\/wp\/v2\/posts\/5752","targetHints":{"allow":["GET"]}}],"collection":[{"href":"https:\/\/sports33.fr\/index.php?rest_route=\/wp\/v2\/posts"}],"about":[{"href":"https:\/\/sports33.fr\/index.php?rest_route=\/wp\/v2\/types\/post"}],"author":[{"embeddable":true,"href":"https:\/\/sports33.fr\/index.php?rest_route=\/wp\/v2\/users\/2"}],"replies":[{"embeddable":true,"href":"https:\/\/sports33.fr\/index.php?rest_route=%2Fwp%2Fv2%2Fcomments&post=5752"}],"version-history":[{"count":2,"href":"https:\/\/sports33.fr\/index.php?rest_route=\/wp\/v2\/posts\/5752\/revisions"}],"predecessor-version":[{"id":5756,"href":"https:\/\/sports33.fr\/index.php?rest_route=\/wp\/v2\/posts\/5752\/revisions\/5756"}],"wp:featuredmedia":[{"embeddable":true,"href":"https:\/\/sports33.fr\/index.php?rest_route=\/wp\/v2\/media\/5755"}],"wp:attachment":[{"href":"https:\/\/sports33.fr\/index.php?rest_route=%2Fwp%2Fv2%2Fmedia&parent=5752"}],"wp:term":[{"taxonomy":"category","embeddable":true,"href":"https:\/\/sports33.fr\/index.php?rest_route=%2Fwp%2Fv2%2Fcategories&post=5752"},{"taxonomy":"post_tag","embeddable":true,"href":"https:\/\/sports33.fr\/index.php?rest_route=%2Fwp%2Fv2%2Ftags&post=5752"}],"curies":[{"name":"wp","href":"https:\/\/api.w.org\/{rel}","templated":true}]}}