{"id":5748,"date":"2026-01-20T14:57:33","date_gmt":"2026-01-20T13:57:33","guid":{"rendered":"https:\/\/sports33.fr\/?p=5748"},"modified":"2026-01-20T14:57:33","modified_gmt":"2026-01-20T13:57:33","slug":"je-les-connais-par-coeur","status":"publish","type":"post","link":"https:\/\/sports33.fr\/?p=5748","title":{"rendered":"\u00ab\u00a0Je les connais par coeur\u00a0\u00bb"},"content":{"rendered":"<p>[et_pb_section fb_built=\u00a0\u00bb1&Prime; _builder_version=\u00a0\u00bb4.27.4&Prime; _module_preset=\u00a0\u00bbdefault\u00a0\u00bb global_colors_info=\u00a0\u00bb{}\u00a0\u00bb theme_builder_area=\u00a0\u00bbpost_content\u00a0\u00bb][et_pb_row _builder_version=\u00a0\u00bb4.27.4&Prime; _module_preset=\u00a0\u00bbdefault\u00a0\u00bb global_colors_info=\u00a0\u00bb{}\u00a0\u00bb theme_builder_area=\u00a0\u00bbpost_content\u00a0\u00bb][et_pb_column type=\u00a0\u00bb4_4&Prime; _builder_version=\u00a0\u00bb4.27.4&Prime; _module_preset=\u00a0\u00bbdefault\u00a0\u00bb global_colors_info=\u00a0\u00bb{}\u00a0\u00bb theme_builder_area=\u00a0\u00bbpost_content\u00a0\u00bb][et_pb_text _builder_version=\u00a0\u00bb4.27.4&Prime; _module_preset=\u00a0\u00bbdefault\u00a0\u00bb hover_enabled=\u00a0\u00bb0&Prime; global_colors_info=\u00a0\u00bb{}\u00a0\u00bb theme_builder_area=\u00a0\u00bbpost_content\u00a0\u00bb sticky_enabled=\u00a0\u00bb0&Prime;]<\/p>\n<p style=\"text-align: center;\"><b>\u00ab\u00a0JE LES CONNAIS PAR COEUR\u00a0\u00bb<\/b><\/p>\n<p><b>Apr\u00e8s le d\u00e9part de Marvin Esor vers Caen en fin d\u2019ann\u00e9e 2025, Christopher Glombard a repris le poste sur le banc du FCBA en N3. Un changement dans la continuit\u00e9 pour le directeur sportif du club qui analyse les forces en pr\u00e9sence.<\/b><\/p>\n<p>Appel\u00e9 sur le banc du SM Caen en National, Marvin Esor a rejoint G\u00e4el Clichy, le nouveau coach malherbiste sur le banc normand. Du c\u00f4t\u00e9 du FCBA, il a fallu se r\u00e9organiser avec le d\u00e9part d\u2019un coach qui menait les destin\u00e9es du club depuis cinq saisons. Intelligemment, la direction a alors opt\u00e9 par la solution interne, Christopher Glombard, le directeur sportif prenant place sur le banc. Une option \u00e0 m\u00eame d\u2019assurer la continuit\u00e9 d\u2019une \u00e9quipe qui r\u00e9alise une tr\u00e8s bonne premi\u00e8re partie de saison avec une deuxi\u00e8me place de sa poule \u00e0 la cl\u00e9 apr\u00e8s avoir v\u00e9cu une aventure en coupe de France, seulement stopp\u00e9e par Hauts Lyonnais (N3) (0-1) en 32 de finale de l\u2019\u00e9preuve. L\u2019ancien joueur pro de Reims, Laval ou du Paris FC, arriv\u00e9 en Gironde \u00e0 Arcachon en 202, fait le point.<\/p>\n<p><b><\/b><\/p>\n<p><b>Christopher, comment s\u2019est pass\u00e9e cette prise de fonction sur le banc du FC Bassin d\u2019Arcachon?<\/b><br \/>C\u2019est finalement un changement dans la continuit\u00e9. Avec Marvin, nous nous connaissons tr\u00e8s bien, nous sommes tr\u00e8s proches. A part trois \u00e9l\u00e9ments, j\u2019ai recrut\u00e9 les joueurs qui composent l\u2019effectif du FCBA actuellement. Je les connais par coeur. Au niveau logistique, c\u2019est un groupe que je suis tr\u00e8s r\u00e9guli\u00e8rement pour assister \u00e0 la plupart des s\u00e9ances d\u2019entra\u00eenements. J\u2019\u00e9tais l\u00e0 \u00e0 tous les matchs, qu\u2019ils soient \u00e0 domicile ou \u00e0 l\u2019ext\u00e9rieur. Les joueurs me connaissent, je connais les joueurs. C\u2019est un changement en douceur d\u2019autant qu\u2019avec Marvin, nous avons les m\u00eames id\u00e9es de jeu, la m\u00eame fa\u00e7on de jouer.<\/p>\n<p><b>La phase aller s\u2019est achev\u00e9e ce week-end par un succ\u00e8s face \u00e0 la r\u00e9serve de Toulouse (2-1). Votre \u00e9quipe pointe \u00e0 la deuxi\u00e8me place de sa poule? Quelle analyse faites-vous de cette premi\u00e8re partie de saison?<\/b><\/p>\n<p>C\u2019est une bonne premi\u00e8re moiti\u00e9 de saison. Avec notre parcours en coupe de France, les joueurs n\u2019ont jamais connu de week-end creux. En sport, c\u2019est positif, \u00e7a permet de garder le rythme. Nous avons su mener de front les deux comp\u00e9titions. Souvent un parcours en coupe fait perdre des plumes en championnat, l\u00e0, nous n\u2019avons rien l\u00e2ch\u00e9. C\u2019est tr\u00e8s int\u00e9ressant.<\/p>\n<p><b>Vous occupez la deuxi\u00e8me place de la poule \u00e0 un petit point de Tarbes, le leader. Visez-vous d\u00e9sormais la mont\u00e9e en N2?<\/b><\/p>\n<p>Il ne faut pas se projeter de cette fa\u00e7on. On se dit que les points que nous avons pris vont nous servir pour assurer notre maintien. Il ne faut pas oublier qu\u2019il s\u2019agit de notre deuxi\u00e8me saison en N3. Cela faisait longtemps que le club n\u2019avait pas encha\u00een\u00e9 deux saisons \u00e0 ce niveau. Le but est de se stabiliser en N3 et de prendre les points n\u00e9cessaires en vue du maintien dans une poule tr\u00e8s relev\u00e9e.<\/p>\n<p><b>Est-ce \u00e0 dire que vous regarder plut\u00f4t derri\u00e8re que devant?<\/b><\/p>\n<p>On verra ce qu\u2019il va se passer au fil des matchs retour. On ne calcule pas, c\u2019est la meilleure fa\u00e7on d\u2019avancer.<\/p>\n<p><b>Vincent Ferrandon<\/b><\/p>\n<p><b>Cr\u00e9dit photo : Sports33.fr<\/b><\/p>\n<p>&nbsp;<\/p>\n<p>&nbsp;<\/p>\n<p>[\/et_pb_text][\/et_pb_column][\/et_pb_row][\/et_pb_section]<\/p>\n","protected":false},"excerpt":{"rendered":"<p>\u00ab\u00a0JE LES CONNAIS PAR COEUR\u00a0\u00bb Apr\u00e8s le d\u00e9part de Marvin Esor vers Caen en fin d\u2019ann\u00e9e 2025, Christopher Glombard a repris le poste sur le banc du FCBA en N3. Un changement dans la continuit\u00e9 pour le directeur sportif du club qui analyse les forces en pr\u00e9sence. Appel\u00e9 sur le banc du SM Caen en [&hellip;]<\/p>\n","protected":false},"author":2,"featured_media":5749,"comment_status":"closed","ping_status":"closed","sticky":false,"template":"","format":"standard","meta":{"_et_pb_use_builder":"on","_et_pb_old_content":"","_et_gb_content_width":"1080","footnotes":""},"categories":[9],"tags":[],"class_list":["post-5748","post","type-post","status-publish","format-standard","has-post-thumbnail","hentry","category-football"],"_links":{"self":[{"href":"https:\/\/sports33.fr\/index.php?rest_route=\/wp\/v2\/posts\/5748","targetHints":{"allow":["GET"]}}],"collection":[{"href":"https:\/\/sports33.fr\/index.php?rest_route=\/wp\/v2\/posts"}],"about":[{"href":"https:\/\/sports33.fr\/index.php?rest_route=\/wp\/v2\/types\/post"}],"author":[{"embeddable":true,"href":"https:\/\/sports33.fr\/index.php?rest_route=\/wp\/v2\/users\/2"}],"replies":[{"embeddable":true,"href":"https:\/\/sports33.fr\/index.php?rest_route=%2Fwp%2Fv2%2Fcomments&post=5748"}],"version-history":[{"count":2,"href":"https:\/\/sports33.fr\/index.php?rest_route=\/wp\/v2\/posts\/5748\/revisions"}],"predecessor-version":[{"id":5751,"href":"https:\/\/sports33.fr\/index.php?rest_route=\/wp\/v2\/posts\/5748\/revisions\/5751"}],"wp:featuredmedia":[{"embeddable":true,"href":"https:\/\/sports33.fr\/index.php?rest_route=\/wp\/v2\/media\/5749"}],"wp:attachment":[{"href":"https:\/\/sports33.fr\/index.php?rest_route=%2Fwp%2Fv2%2Fmedia&parent=5748"}],"wp:term":[{"taxonomy":"category","embeddable":true,"href":"https:\/\/sports33.fr\/index.php?rest_route=%2Fwp%2Fv2%2Fcategories&post=5748"},{"taxonomy":"post_tag","embeddable":true,"href":"https:\/\/sports33.fr\/index.php?rest_route=%2Fwp%2Fv2%2Ftags&post=5748"}],"curies":[{"name":"wp","href":"https:\/\/api.w.org\/{rel}","templated":true}]}}