{"id":5133,"date":"2025-12-12T19:15:50","date_gmt":"2025-12-12T18:15:50","guid":{"rendered":"https:\/\/sports33.fr\/?p=5133"},"modified":"2025-12-12T19:15:50","modified_gmt":"2025-12-12T18:15:50","slug":"nous-progressons-dans-notre-basket","status":"publish","type":"post","link":"https:\/\/sports33.fr\/?p=5133","title":{"rendered":"\u00ab\u00a0Nous progressons dans notre basket\u00a0\u00bb"},"content":{"rendered":"<p>[et_pb_section fb_built=\u00a0\u00bb1&Prime; _builder_version=\u00a0\u00bb4.27.4&Prime; _module_preset=\u00a0\u00bbdefault\u00a0\u00bb global_colors_info=\u00a0\u00bb{}\u00a0\u00bb theme_builder_area=\u00a0\u00bbpost_content\u00a0\u00bb][et_pb_row _builder_version=\u00a0\u00bb4.27.4&Prime; _module_preset=\u00a0\u00bbdefault\u00a0\u00bb global_colors_info=\u00a0\u00bb{}\u00a0\u00bb theme_builder_area=\u00a0\u00bbpost_content\u00a0\u00bb][et_pb_column type=\u00a0\u00bb4_4&Prime; _builder_version=\u00a0\u00bb4.27.4&Prime; _module_preset=\u00a0\u00bbdefault\u00a0\u00bb global_colors_info=\u00a0\u00bb{}\u00a0\u00bb theme_builder_area=\u00a0\u00bbpost_content\u00a0\u00bb][et_pb_text _builder_version=\u00a0\u00bb4.27.4&Prime; _module_preset=\u00a0\u00bbdefault\u00a0\u00bb hover_enabled=\u00a0\u00bb0&Prime; global_colors_info=\u00a0\u00bb{}\u00a0\u00bb theme_builder_area=\u00a0\u00bbpost_content\u00a0\u00bb sticky_enabled=\u00a0\u00bb0&Prime;]<\/p>\n<p style=\"text-align: center;\"><b>\u00ab\u00a0NOUS PROGRESSONS <br \/>DANS NOTRE BASKET\u00a0\u00bb<\/b><\/p>\n<p><b>Jean-Yves Jannin, le coach de l\u2019AS Tresses, dresse un premier bilan du parcours de son \u00e9quipe apr\u00e8s onze rencontres de N3.<\/b><\/p>\n<p>Apr\u00e8s avoir obtenu son maintien en fin de saison derni\u00e8re, l\u2019AS Tresses est repartie pour une deuxi\u00e8me saison en N3. Actuellement onzi\u00e8mes de leur poule de N3 avec quatre succ\u00e8s pour sept d\u00e9faites, les Rouge sont dans leurs temps de passage. Un bilan qui aurait cependant pu \u00eatre embelli, les tressois restant sur quatre d\u00e9faites en championnat, dont les trois derni\u00e8res d\u2019extr\u00eame justesse. De quoi faire na\u00eetre des sentiments partag\u00e9s dans la t\u00eate du coach de l\u2019AS Tresses.<\/p>\n<p>&nbsp;<\/p>\n<p><b>Jean-Yves, votre \u00e9quipe reste sur quatre d\u00e9faites de rang en championnat. Avez-vous point\u00e9 les causes de ce surplace actuel?<\/b><\/p>\n<p>Je n\u2019ai pas franchement d\u2019explications. Nous jouons bien, on propose des contenus de bonnes qualit\u00e9s, tr\u00e8s int\u00e9ressants mais nous perdons \u00e0 la fin. \u00c7a peut arriver en sport. Contre Cassen (87-88), nous marquons 32 paniers contre 28 \u00e0 nos adversaires, lors du derby de Gironde \u00e0 M\u00e9rignac (72-68), nous en inscrivons deux de plus que les m\u00e9rignacais (voir compte-rendu sur <a href=\"http:\/\/sports33.fr\"><span>sports33.fr<\/span><\/a>). Nous perdons malgr\u00e9 tout ces deux matchs. Nous avons \u00e0 chaque fois des probl\u00e8mes de gestion des fins de matchs. L\u2019exp\u00e9rience manque peut \u00eatre \u00e0 mon groupe.<\/p>\n<p><b>Comment y rem\u00e9dier?<\/b><\/p>\n<p>Il faut r\u00e9gler \u00e7a, pouvoir changer les param\u00e8tres. Encore une fois, je constate que l\u2019\u00e9quipe joue bien, rivalise avant de c\u00e9der sur la fin. A nous de travailler cet aspect.<\/p>\n<p><b>Quel premier bilan peut-on d\u00e9j\u00e0 dresser de cette premi\u00e8re partie de saison pour votre \u00e9quipe?<\/b><\/p>\n<p>Il reste deux matchs avant de cl\u00f4turer la phase aller mais d\u2019ores et d\u00e9j\u00e0, nous comptons un succ\u00e8s de plus que l\u2019an dernier au m\u00eame stade de la comp\u00e9tition. Mais au del\u00e0 de l\u2019aspect comptable, nous sommes mieux dans le contenu de nos matchs que la saison derni\u00e8re. Collectivement, le groupe est au point et nous pouvons compter sur une d\u00e9fense de fer.<span class=\"Apple-converted-space\">\u00a0<\/span><\/p>\n<p><b>L\u2019AS Tresses dispute sa deuxi\u00e8me saison en N3. Sentez-vous des progr\u00e8s par rapport \u00e0 l\u2019an dernier?<\/b><\/p>\n<p>Nous progressons dans notre basket. Et en cela, j\u2019ai confiance pour la suite de notre saison mais il faut pour cela continuer \u00e0 bien travailler. Le groupe a chang\u00e9 d\u2019une ann\u00e9e sur l\u2019autre mais pour la majorit\u00e9 de l\u2019\u00e9quipe, cela fait trois-quatre ans qu\u2019elle \u00e9volue ensemble. \u00c7a se ressent sur le terrain tout comme l\u2019exp\u00e9rience acquise l\u2019an dernier. Nous avons une \u00e9quipe \u00e0 la moyenne d\u2019\u00e2ge assez basse et qui ne demande qu\u2019\u00e0 progresser. Le bilan pour le moment n\u2019est pas mauvais. Il faut juste savoir comment gagner en fin de match pour \u00e9viter la zone dangereuse.<\/p>\n<p><b>Comment appr\u00e9hendez-vous le match de ce samedi \u00e0 Montauban?<\/b><\/p>\n<p>Nous savons que c\u2019est une \u00e9quipe port\u00e9e sur l\u2019attaque, sur les tirs \u00e0 trois points, avec un jeu rapide, une \u00e9quipe redoutable. Nous savons qu\u2019un gros morceau nous attend, tout comme \u00e0 la reprise avec la r\u00e9ception de Layrac, une \u00e9quipe actuellement class\u00e9e deuxi\u00e8me.<\/p>\n<p><b>Propos recueillis par Vincent Ferrandon<\/b><\/p>\n<p><b>Cr\u00e9dit photo : Sports33.fr<\/b><\/p>\n<p>&nbsp;<\/p>\n<p>[\/et_pb_text][\/et_pb_column][\/et_pb_row][\/et_pb_section]<\/p>\n","protected":false},"excerpt":{"rendered":"<p>\u00ab\u00a0NOUS PROGRESSONS DANS NOTRE BASKET\u00a0\u00bb Jean-Yves Jannin, le coach de l\u2019AS Tresses, dresse un premier bilan du parcours de son \u00e9quipe apr\u00e8s onze rencontres de N3. Apr\u00e8s avoir obtenu son maintien en fin de saison derni\u00e8re, l\u2019AS Tresses est repartie pour une deuxi\u00e8me saison en N3. Actuellement onzi\u00e8mes de leur poule de N3 avec quatre [&hellip;]<\/p>\n","protected":false},"author":2,"featured_media":5136,"comment_status":"closed","ping_status":"closed","sticky":false,"template":"","format":"standard","meta":{"_et_pb_use_builder":"on","_et_pb_old_content":"","_et_gb_content_width":"1080","footnotes":""},"categories":[14],"tags":[],"class_list":["post-5133","post","type-post","status-publish","format-standard","has-post-thumbnail","hentry","category-basket"],"_links":{"self":[{"href":"https:\/\/sports33.fr\/index.php?rest_route=\/wp\/v2\/posts\/5133","targetHints":{"allow":["GET"]}}],"collection":[{"href":"https:\/\/sports33.fr\/index.php?rest_route=\/wp\/v2\/posts"}],"about":[{"href":"https:\/\/sports33.fr\/index.php?rest_route=\/wp\/v2\/types\/post"}],"author":[{"embeddable":true,"href":"https:\/\/sports33.fr\/index.php?rest_route=\/wp\/v2\/users\/2"}],"replies":[{"embeddable":true,"href":"https:\/\/sports33.fr\/index.php?rest_route=%2Fwp%2Fv2%2Fcomments&post=5133"}],"version-history":[{"count":2,"href":"https:\/\/sports33.fr\/index.php?rest_route=\/wp\/v2\/posts\/5133\/revisions"}],"predecessor-version":[{"id":5137,"href":"https:\/\/sports33.fr\/index.php?rest_route=\/wp\/v2\/posts\/5133\/revisions\/5137"}],"wp:featuredmedia":[{"embeddable":true,"href":"https:\/\/sports33.fr\/index.php?rest_route=\/wp\/v2\/media\/5136"}],"wp:attachment":[{"href":"https:\/\/sports33.fr\/index.php?rest_route=%2Fwp%2Fv2%2Fmedia&parent=5133"}],"wp:term":[{"taxonomy":"category","embeddable":true,"href":"https:\/\/sports33.fr\/index.php?rest_route=%2Fwp%2Fv2%2Fcategories&post=5133"},{"taxonomy":"post_tag","embeddable":true,"href":"https:\/\/sports33.fr\/index.php?rest_route=%2Fwp%2Fv2%2Ftags&post=5133"}],"curies":[{"name":"wp","href":"https:\/\/api.w.org\/{rel}","templated":true}]}}