{"id":5129,"date":"2025-12-12T17:50:46","date_gmt":"2025-12-12T16:50:46","guid":{"rendered":"https:\/\/sports33.fr\/?p=5129"},"modified":"2025-12-12T17:54:38","modified_gmt":"2025-12-12T16:54:38","slug":"le-pointu-qui-pique","status":"publish","type":"post","link":"https:\/\/sports33.fr\/?p=5129","title":{"rendered":"Le Pointu qui pique"},"content":{"rendered":"<p>[et_pb_section fb_built=\u00a0\u00bb1&Prime; _builder_version=\u00a0\u00bb4.27.4&Prime; _module_preset=\u00a0\u00bbdefault\u00a0\u00bb global_colors_info=\u00a0\u00bb{}\u00a0\u00bb theme_builder_area=\u00a0\u00bbpost_content\u00a0\u00bb][et_pb_row _builder_version=\u00a0\u00bb4.27.4&Prime; _module_preset=\u00a0\u00bbdefault\u00a0\u00bb global_colors_info=\u00a0\u00bb{}\u00a0\u00bb theme_builder_area=\u00a0\u00bbpost_content\u00a0\u00bb][et_pb_column type=\u00a0\u00bb4_4&Prime; _builder_version=\u00a0\u00bb4.27.4&Prime; _module_preset=\u00a0\u00bbdefault\u00a0\u00bb global_colors_info=\u00a0\u00bb{}\u00a0\u00bb theme_builder_area=\u00a0\u00bbpost_content\u00a0\u00bb][et_pb_text _builder_version=\u00a0\u00bb4.27.4&Prime; _module_preset=\u00a0\u00bbdefault\u00a0\u00bb hover_enabled=\u00a0\u00bb0&Prime; global_colors_info=\u00a0\u00bb{}\u00a0\u00bb theme_builder_area=\u00a0\u00bbpost_content\u00a0\u00bb sticky_enabled=\u00a0\u00bb0&Prime;]<\/p>\n<p style=\"text-align: center;\"><b>LE POINTU QUI PIQUE<\/b><\/p>\n<p><b>\u00c9l\u00e9ment d\u2019exp\u00e9rience du SA M\u00e9rignac, Steve Mingoua apporte son v\u00e9cu \u00e0 son \u00e9quipe actuelle premi\u00e8re de sa poule de N2, v\u00e9cu acquis en indoor mais aussi en Beach Soccer, son autre passion.<\/b><\/p>\n<p>Un pied sur dur, un pied sur sable. Tel est le quasi quotidien de Steve Mingoua. Le Pointu du SA M\u00e9rignac n\u2019arr\u00eate d\u2019ailleurs pas : \u00ab\u00a0G\u00e9n\u00e9ralement, je suis en salle de septembre \u00e0 avril. Puis je passe au beach le reste du temps.\u00a0\u00bb<\/p>\n<p>Une dichotomie qui accompagne le bourguignon depuis ses d\u00e9buts dans ce sport d\u00e8s le coll\u00e8ge. Apr\u00e8s un apprentissage chez lui \u00e0 Dijon et une mont\u00e9e en puissance durant quatre saisons \u00e0 Strasbourg durant lesquelles Steve participe \u00e0 la mont\u00e9e du club alsacien en Pro D2, le joueur d\u00e9cide de changer d\u2019environnement et de partir la Gironde avec une id\u00e9e en t\u00eate : \u00ab\u00a0J\u2019ai rejoint Bordeaux en 2016. Venir en Gironde me permettait d\u2019\u00eatre proche de la plage et ainsi de pouvoir pratiquer le beach volley plus facilement puisque je faisais parti du circuit France beach volley s\u00e9ries. Le beach est tr\u00e8s important pour moi, dans mon \u00e9panouissement, dans mon quotidien. \u00a0J\u2019ai aussi jou\u00e9 avec l\u2019\u00e9quipe de l\u2019Ile de R\u00e9 de beach volley, le R\u00e9 Beach volley. C\u2019est un des gros clubs de la discipline, sacr\u00e9 champion d\u2019Europe 2025. C\u2019est vraiment une belle exp\u00e9rience et \u00e7a compl\u00e8te parfaitement mon bagage sur le volley classique \u00bb pr\u00e9cise Steve Mingoua, partie prenante \u00e9galement du club des Bordeaux Beach Chillers.<\/p>\n<p>Une bonne pioche aussi pour le SA M\u00e9rignac qui accueille alors en 2018 l\u2019exp\u00e9riment\u00e9 pointu d\u20191,90 m. Depuis, fid\u00e8le au SAM, Steve continue \u00e0 guider les siens malgr\u00e9 un penchant plut\u00f4t discret. \u00ab\u00a0Je pr\u00e9f\u00e8re \u00eatre \u00e0 l\u2019\u00e9coute\u00a0\u00bb pr\u00e9cise le kin\u00e9 de profession qui a f\u00eat\u00e9 cette ann\u00e9e ses 38 ans et qui se contorsionne entre vie professionnelle et sport avec un emploi du temps bien rempli.<\/p>\n<p>Un Steve Mingoua qui retrouve une seconde jeunesse avec les r\u00e9sultats de son \u00e9quipe sur cette premi\u00e8re partie de saison, une formation m\u00e9rignacaise qui pointe en t\u00eate de sa poule de N2 apr\u00e8s huit journ\u00e9es avant le derby contre valence, programm\u00e9 le 20 d\u00e9cembre prochain. Des performances \u00e0 m\u00eame d\u2019ouvrir l\u2019app\u00e9tit du comp\u00e9titeur : \u00ab J\u2019aime gagner, pr\u00e9cise le participant du France beach tour. Cette saison me rappelle des bons souvenirs, des souvenirs lorsque je jouais notamment \u00e0 Strasbourg en N1. J\u2019avoue que tenter de retrouver ce niveau avec mon club constitue un bon d\u00e9fi qui me plait. \u00bb<\/p>\n<p>Pour ce faire, le pointu, qui a \u00e9t\u00e9 form\u00e9 au centre, met tout son poids dans la balance. Une influence qui se traduit par une grosse efficacit\u00e9 dans le jeu, des coups gagnants, des attaques places, une d\u00e9tente parfaite et un sens du jeu aiguis\u00e9.<span class=\"Apple-converted-space\">\u00a0<\/span><\/p>\n<p>Une aubaine pour le num\u00e9ro 18 \u00ab\u00a0qui correspond au jour de naissance de ma vie\u00a0\u00bb, lequel reprend des forces apr\u00e8s une p\u00e9riode difficile : \u00ab\u00a0La vie me r\u00e9compense bien cette saison.\u00a0\u00bb<\/p>\n<p>Steve est lanc\u00e9.<\/p>\n<p><b>Vincent Ferrandon<\/b><\/p>\n<p><b>Cr\u00e9dit photo : Sports33.fr<\/b><\/p>\n<p>[\/et_pb_text][\/et_pb_column][\/et_pb_row][\/et_pb_section]<\/p>\n","protected":false},"excerpt":{"rendered":"<p>LE POINTU QUI PIQUE \u00c9l\u00e9ment d\u2019exp\u00e9rience du SA M\u00e9rignac, Steve Mingoua apporte son v\u00e9cu \u00e0 son \u00e9quipe actuelle premi\u00e8re de sa poule de N2, v\u00e9cu acquis en indoor mais aussi en Beach Soccer, son autre passion. Un pied sur dur, un pied sur sable. Tel est le quasi quotidien de Steve Mingoua. Le Pointu du [&hellip;]<\/p>\n","protected":false},"author":2,"featured_media":5128,"comment_status":"closed","ping_status":"closed","sticky":false,"template":"","format":"standard","meta":{"_et_pb_use_builder":"on","_et_pb_old_content":"","_et_gb_content_width":"1080","footnotes":""},"categories":[15,12],"tags":[],"class_list":["post-5129","post","type-post","status-publish","format-standard","has-post-thumbnail","hentry","category-portrait","category-volley"],"_links":{"self":[{"href":"https:\/\/sports33.fr\/index.php?rest_route=\/wp\/v2\/posts\/5129","targetHints":{"allow":["GET"]}}],"collection":[{"href":"https:\/\/sports33.fr\/index.php?rest_route=\/wp\/v2\/posts"}],"about":[{"href":"https:\/\/sports33.fr\/index.php?rest_route=\/wp\/v2\/types\/post"}],"author":[{"embeddable":true,"href":"https:\/\/sports33.fr\/index.php?rest_route=\/wp\/v2\/users\/2"}],"replies":[{"embeddable":true,"href":"https:\/\/sports33.fr\/index.php?rest_route=%2Fwp%2Fv2%2Fcomments&post=5129"}],"version-history":[{"count":3,"href":"https:\/\/sports33.fr\/index.php?rest_route=\/wp\/v2\/posts\/5129\/revisions"}],"predecessor-version":[{"id":5132,"href":"https:\/\/sports33.fr\/index.php?rest_route=\/wp\/v2\/posts\/5129\/revisions\/5132"}],"wp:featuredmedia":[{"embeddable":true,"href":"https:\/\/sports33.fr\/index.php?rest_route=\/wp\/v2\/media\/5128"}],"wp:attachment":[{"href":"https:\/\/sports33.fr\/index.php?rest_route=%2Fwp%2Fv2%2Fmedia&parent=5129"}],"wp:term":[{"taxonomy":"category","embeddable":true,"href":"https:\/\/sports33.fr\/index.php?rest_route=%2Fwp%2Fv2%2Fcategories&post=5129"},{"taxonomy":"post_tag","embeddable":true,"href":"https:\/\/sports33.fr\/index.php?rest_route=%2Fwp%2Fv2%2Ftags&post=5129"}],"curies":[{"name":"wp","href":"https:\/\/api.w.org\/{rel}","templated":true}]}}