{"id":5112,"date":"2025-12-12T11:21:39","date_gmt":"2025-12-12T10:21:39","guid":{"rendered":"https:\/\/sports33.fr\/?p=5112"},"modified":"2025-12-12T11:21:39","modified_gmt":"2025-12-12T10:21:39","slug":"la-plaque-savere-solide","status":"publish","type":"post","link":"https:\/\/sports33.fr\/?p=5112","title":{"rendered":"La Plaque s\u2019av\u00e8re solide"},"content":{"rendered":"<p>[et_pb_section fb_built=\u00a0\u00bb1&Prime; _builder_version=\u00a0\u00bb4.27.4&Prime; _module_preset=\u00a0\u00bbdefault\u00a0\u00bb global_colors_info=\u00a0\u00bb{}\u00a0\u00bb theme_builder_area=\u00a0\u00bbpost_content\u00a0\u00bb][et_pb_row _builder_version=\u00a0\u00bb4.27.4&Prime; _module_preset=\u00a0\u00bbdefault\u00a0\u00bb global_colors_info=\u00a0\u00bb{}\u00a0\u00bb theme_builder_area=\u00a0\u00bbpost_content\u00a0\u00bb][et_pb_column type=\u00a0\u00bb4_4&Prime; _builder_version=\u00a0\u00bb4.27.4&Prime; _module_preset=\u00a0\u00bbdefault\u00a0\u00bb global_colors_info=\u00a0\u00bb{}\u00a0\u00bb theme_builder_area=\u00a0\u00bbpost_content\u00a0\u00bb][et_pb_text _builder_version=\u00a0\u00bb4.27.4&Prime; _module_preset=\u00a0\u00bbdefault\u00a0\u00bb hover_enabled=\u00a0\u00bb0&Prime; global_colors_info=\u00a0\u00bb{}\u00a0\u00bb theme_builder_area=\u00a0\u00bbpost_content\u00a0\u00bb sticky_enabled=\u00a0\u00bb0&Prime;]<\/p>\n<p style=\"text-align: center;\"><b>LA PLAQUE S\u2019AV\u00c8RE SOLIDE<\/b><\/p>\n<p><b>Depuis quatre saisons au CM Floirac-Cenon, la gardienne Flavia Justo esp\u00e8re retrouver le niveau N1 go\u00fbter avec son club l\u2019an dernier. Pour ainsi enrichir une collection d\u00e9j\u00e0 bien fournie.<\/b><\/p>\n<p>Jamais deux sans trois. Apr\u00e8s avoir v\u00e9cu une premi\u00e8re mont\u00e9e de N3 \u00e0 N2 avec Saint-Loub\u00e8s puis une deuxi\u00e8me avec le CM Floirac-Cenon de N2 \u00e0 N1 en 2023-2024, Flavia Justo se verrait bien \u00e9pingler rapidement une nouvelle accession. <span class=\"Apple-converted-space\">\u00a0<\/span><\/p>\n<p>Redescendu en N2 \u00e0 l\u2019issue de la saison derni\u00e8re, son club du CM Floirac-Cenon se retrouve en t\u00eate de sa poule avec deux points d\u2019avance sur son dauphin. \u00ab\u00a0C\u2019est tr\u00e8s plaisant de gagner, de retrouver le go\u00fbt de la victoire apr\u00e8s une saison derni\u00e8re difficile mais instructive. J\u2019ai ainsi d\u00e9couvert ce niveau, j\u2019ai appris beaucoup de choses dans le jeu et en dehors, j\u2019ai pris en maturit\u00e9. J\u2019ai aussi aim\u00e9 la r\u00e9action de l\u2019\u00e9quipe car nous sommes rest\u00e9es soud\u00e9es dans la d\u00e9faite.\u00a0\u00bb<\/p>\n<p>Autant d\u2019\u00e9l\u00e9ments dont Flavia se sert cette saison. Avec une moyenne de pr\u00e8s de 9 arr\u00eats par match, la gardienne a acquis une stature dans son club mais sans pour autant prendre toute la place. Car chez elle, le collectif ne repr\u00e9sente pas qu\u2019un mot. \u00ab\u00a0Le club a recrut\u00e9 Pauline Marquezanne (voir portrait sur <a href=\"http:\/\/sports33.fr\"><span>sports33.fr<\/span><\/a>) \u00e0 l\u2019intersaison au poste de gardienne de but. Mais j\u2019ai trouv\u00e9 \u00e7a plut\u00f4t positif. Entre Pauline et moi, la concurrence est saine, on s\u2019aide, on fonctionne ensemble. La concurrence nous fait progresser toutes les deux. C\u2019est positif.\u00a0\u00bb<\/p>\n<p>Une r\u00e9action \u00e0 l\u2019image de Flavia tourn\u00e9e vers les autres et toute acquise au v\u00e9cu de son \u00e9quipe. La num\u00e9ro 27 \u00ab\u00a0car c\u2019est la date anniversaire de ma mamie\u00a0\u00bb se d\u00e9finit d\u2019ailleurs elle-m\u00eame comme une \u00ab\u00a0pipelette. Je parle beaucoup, rigole-t-elle. \u00c7a peut \u00eatre \u00e0 mon avantage ou \u00e0 mon d\u00e9savantage, c\u2019est selon.\u00a0\u00bb<\/p>\n<p>Une bonne co\u00e9quipi\u00e8re plut\u00f4t qui met rapidement \u00e0 l\u2019aise par sa bonhomie et sa bonne humeur. \u00ab\u00a0J\u2019ai m\u00eame acquis le surnom de la Plaque dans l\u2019\u00e9quipe\u00a0\u00bb reprend-elle en souriant.<\/p>\n<p>Une plaque sacr\u00e9ment efficace depuis ses d\u00e9buts dans ce sport chez elle \u00e0 Saint-Loub\u00e8s. \u00ab\u00a0Je faisais de la danse mais il me fallait quelque chose qui bouge plus. Je viens d\u2019une famille sportive et j\u2019ai choisi le hand \u00e0 l\u2019\u00e2ge de 9 ans. Et au fil des ann\u00e9es, je me sentais pas trop mal.\u00a0\u00bb<\/p>\n<p>Au point de br\u00fbler les \u00e9tapes. Positionn\u00e9e dans le but assez rapidement, Flavia tape dans l\u2019oeil des \u00e9ducateurs loub\u00e9siens. A tel point qu\u2019\u00e0 15 ans, elle participe \u00e0 la mont\u00e9e du club en N2 avant de poursuivre sa progression chez les Louves : \u00ab\u00a0Mais \u00e0 un moment, j\u2019ai eu envie de voir autre chose. Je suis alors partie \u00e0 Floirac-Cenon voici quatre saisons.\u00a0\u00bb<\/p>\n<p>A 22 ans, l\u2019\u00e9tudiante en master d\u2019architecture d\u2019int\u00e9rieur qui s\u2019appr\u00eate l\u2019an prochain \u00e0 rentrer de plain pied dans la vie active, a trouv\u00e9 son \u00e9quilibre au sein du club de Gironde et dans son but qu\u2019elle affectionne : \u00ab\u00a0C\u2019est un poste qui me plait. Etant jeune, j\u2019avais fait un match dans la cage et je n\u2019ai plus boug\u00e9. Je m\u2019y sens bien. C\u2019est un poste important dans une \u00e9quipe, on n\u2019a pas le droit \u00e0 l\u2019erreur. Il ne faut pas avoir peur du ballon. Mais j\u2019aime ce positionnement qui me permet d\u2019analyser les courses. C\u2019est un vrai poste d\u2019analyse\u00a0\u00bb lance une Flavia qui dit affectionner les \u00ab\u00a0relances et ma vision des courses de mes aili\u00e8res notamment pour bien les lancer.\u00a0Et puis, j\u2019essaye aussi de donner des conseils \u00e0 la d\u00e9fense.\u00bb<\/p>\n<p>Un atout ma\u00eetre en somme pour Flavia Justo qui assure aussi se servir de sa taille comme une autre de ses qualit\u00e9s : \u00ab\u00a0Je mesure 1,73 m. Pour une gardienne, ce n\u2019est peut \u00eatre pas la taille standard mais je joue avec mon gabarit.\u00a0\u00bb<\/p>\n<p>Un jeu qui s\u2019av\u00e8re gagnant depuis ses d\u00e9buts.<\/p>\n<p><strong>Vincent Ferrandon<\/strong><\/p>\n<p><strong>Cr\u00e9dit photo : CM Floirac-Cenon<\/strong><\/p>\n<p>[\/et_pb_text][\/et_pb_column][\/et_pb_row][\/et_pb_section]<\/p>\n","protected":false},"excerpt":{"rendered":"<p>LA PLAQUE S\u2019AV\u00c8RE SOLIDE Depuis quatre saisons au CM Floirac-Cenon, la gardienne Flavia Justo esp\u00e8re retrouver le niveau N1 go\u00fbter avec son club l\u2019an dernier. Pour ainsi enrichir une collection d\u00e9j\u00e0 bien fournie. Jamais deux sans trois. Apr\u00e8s avoir v\u00e9cu une premi\u00e8re mont\u00e9e de N3 \u00e0 N2 avec Saint-Loub\u00e8s puis une deuxi\u00e8me avec le CM [&hellip;]<\/p>\n","protected":false},"author":2,"featured_media":5113,"comment_status":"closed","ping_status":"closed","sticky":false,"template":"","format":"standard","meta":{"_et_pb_use_builder":"on","_et_pb_old_content":"","_et_gb_content_width":"1080","footnotes":""},"categories":[11,15],"tags":[],"class_list":["post-5112","post","type-post","status-publish","format-standard","has-post-thumbnail","hentry","category-handball","category-portrait"],"_links":{"self":[{"href":"https:\/\/sports33.fr\/index.php?rest_route=\/wp\/v2\/posts\/5112","targetHints":{"allow":["GET"]}}],"collection":[{"href":"https:\/\/sports33.fr\/index.php?rest_route=\/wp\/v2\/posts"}],"about":[{"href":"https:\/\/sports33.fr\/index.php?rest_route=\/wp\/v2\/types\/post"}],"author":[{"embeddable":true,"href":"https:\/\/sports33.fr\/index.php?rest_route=\/wp\/v2\/users\/2"}],"replies":[{"embeddable":true,"href":"https:\/\/sports33.fr\/index.php?rest_route=%2Fwp%2Fv2%2Fcomments&post=5112"}],"version-history":[{"count":2,"href":"https:\/\/sports33.fr\/index.php?rest_route=\/wp\/v2\/posts\/5112\/revisions"}],"predecessor-version":[{"id":5116,"href":"https:\/\/sports33.fr\/index.php?rest_route=\/wp\/v2\/posts\/5112\/revisions\/5116"}],"wp:featuredmedia":[{"embeddable":true,"href":"https:\/\/sports33.fr\/index.php?rest_route=\/wp\/v2\/media\/5113"}],"wp:attachment":[{"href":"https:\/\/sports33.fr\/index.php?rest_route=%2Fwp%2Fv2%2Fmedia&parent=5112"}],"wp:term":[{"taxonomy":"category","embeddable":true,"href":"https:\/\/sports33.fr\/index.php?rest_route=%2Fwp%2Fv2%2Fcategories&post=5112"},{"taxonomy":"post_tag","embeddable":true,"href":"https:\/\/sports33.fr\/index.php?rest_route=%2Fwp%2Fv2%2Ftags&post=5112"}],"curies":[{"name":"wp","href":"https:\/\/api.w.org\/{rel}","templated":true}]}}