{"id":5100,"date":"2025-12-11T19:28:11","date_gmt":"2025-12-11T18:28:11","guid":{"rendered":"https:\/\/sports33.fr\/?p=5100"},"modified":"2025-12-12T09:19:08","modified_gmt":"2025-12-12T08:19:08","slug":"le-plan-de-laurent-chardard","status":"publish","type":"post","link":"https:\/\/sports33.fr\/?p=5100","title":{"rendered":"Le plan de Laurent Chardard"},"content":{"rendered":"<p>[et_pb_section fb_built=\u00a0\u00bb1&Prime; _builder_version=\u00a0\u00bb4.27.4&Prime; _module_preset=\u00a0\u00bbdefault\u00a0\u00bb global_colors_info=\u00a0\u00bb{}\u00a0\u00bb theme_builder_area=\u00a0\u00bbpost_content\u00a0\u00bb][et_pb_row _builder_version=\u00a0\u00bb4.27.4&Prime; _module_preset=\u00a0\u00bbdefault\u00a0\u00bb global_colors_info=\u00a0\u00bb{}\u00a0\u00bb theme_builder_area=\u00a0\u00bbpost_content\u00a0\u00bb][et_pb_column type=\u00a0\u00bb4_4&Prime; _builder_version=\u00a0\u00bb4.27.4&Prime; _module_preset=\u00a0\u00bbdefault\u00a0\u00bb global_colors_info=\u00a0\u00bb{}\u00a0\u00bb theme_builder_area=\u00a0\u00bbpost_content\u00a0\u00bb][et_pb_text _builder_version=\u00a0\u00bb4.27.4&Prime; _module_preset=\u00a0\u00bbdefault\u00a0\u00bb hover_enabled=\u00a0\u00bb0&Prime; global_colors_info=\u00a0\u00bb{}\u00a0\u00bb theme_builder_area=\u00a0\u00bbpost_content\u00a0\u00bb sticky_enabled=\u00a0\u00bb0&Prime;]<\/p>\n<p style=\"text-align: center;\"><b>LE PLAN DE LAURENT CHARDARD<\/b><\/p>\n<p><b>M\u00e9daill\u00e9 de bronze en natation aux Jeux Paralympiques de Paris 2024, Laurent Chardard, install\u00e9 \u00e0 Pessac et licenci\u00e9 aux Girondins de Bordeaux Natation, vise encore mieux pour 2028. Et pour cela, rien n\u2019est laiss\u00e9 au hasard.<\/b><\/p>\n<p>Une reconnaissance. Le 29 ao\u00fbt dernier, Laurent Chardard a plong\u00e9 seul dans les eaux immacul\u00e9es de la piscine Cazalet de Pessac. Le nageur, pessacais d\u2019adoption, a ainsi eu l\u2019honneur d\u2019inaugurer le complexe flambant neuf devant des milliers de spectateurs.<span class=\"Apple-converted-space\">\u00a0<\/span><\/p>\n<p>Preuve de l\u2019importance prise par le double m\u00e9daill\u00e9 de bronze aux Jeux Paralympiques de Paris dans le paysage sportif fran\u00e7ais et de Gironde. Pas de quoi pourtant faire perdre la boule au principal int\u00e9ress\u00e9 : \u00ab\u00a0\u00c7a a \u00e9t\u00e9 une fiert\u00e9 d\u2019\u00eatre convi\u00e9 \u00e0 cette inauguration. Mais depuis ma m\u00e9daille olympique, j\u2019ai repris ma vie d\u2019avant, je le voulais d\u2019ailleurs. Ma vie n\u2019a pas chang\u00e9. Juste apr\u00e8s, j\u2019ai \u00e9t\u00e9 invit\u00e9 sur quelques plateaux t\u00e9l\u00e9, c\u2019\u00e9tait sympa mais le soufflet, comme pour beaucoup, est vite retomb\u00e9.\u00a0\u00bb<\/p>\n<p>Et pourtant, le bonhomme aurait de quoi bomber le torse. Car dans le handisport et dans le sport tout court, Laurent Chardard poss\u00e8de un sacr\u00e9 palmar\u00e8s. En t\u00e9moigne, le nageur de 30 ans affiche deux titres de champion du monde sur 50 m papillon S6, deux titres de champion d\u2019Europe et des m\u00e9dailles \u00e0 foison. Un CV agr\u00e9ment\u00e9 depuis l\u2019\u00e9t\u00e9 2024 de deux m\u00e9dailles de bronze aux Jeux de Paris. Des breloques \u00e0 la fois source de fiert\u00e9 et de soulagement : \u00ab\u00a0Lors de mes premiers Jeux \u00e0 Tokyo en 2021 j\u2019avais termin\u00e9 quatri\u00e8me. Ce fut un peu compliqu\u00e9 de finir au pied du podium. \u00c7a ne faisait pas tr\u00e8s longtemps que j\u2019\u00e9tais dans le haut niveau et j\u2019ai failli tout arr\u00eater. Passer pr\u00e8s d\u2019une m\u00e9daille olympique, c\u2019est dur mais je m\u2019y suis remis.\u00a0\u00bb<\/p>\n<p>Le caract\u00e8re du sportif est pass\u00e9 par l\u00e0. Car la r\u00e9silience caract\u00e9rise aussi Laurent dont la vie a bascul\u00e9 en ao\u00fbt 2016. Lors d\u2019une de ses nombreuses sorties en bodyboard sur son \u00eele de la R\u00e9union, celui qui venait tout juste de s\u2019installer en Gironde est victime d\u2019une attaque de requin. Il y perd son bras droit et sa jambe droite. Mais \u00e0 \u00e0 peine 21 ans, Laurent Chardard d\u00e9cide de vite rebondir : \u00ab\u00a0J\u2019\u00e9tais tr\u00e8s sportif avant mon accident. Je faisais du rugby, du volley, du skate, du surf. J\u2019ai voulu reprendre ma vie d\u2019avant. J\u2019ai opt\u00e9 pour la natation. J\u2019en faisais un peu lorsque j\u2019\u00e9tais valide mais d\u00e8s ma premi\u00e8re comp\u00e9tition handisport en 2019, je suis devenu vice champion du monde et qualifi\u00e9 pour les JO de Tokyo. C\u2019\u00e9tait parti.\u00a0\u00bb<\/p>\n<p>Une ascension qui m\u00e8ne le nageur jusqu\u2019\u00e0 Paris 2024 : \u00ab\u00a0C\u2019\u00e9tait incroyable cette ambiance. Je me dis que j\u2019ai eu de la chance. Car rares sont les sportifs \u00e0 \u00e9voluer devant leur public lors de Jeux. Je suis tomb\u00e9 au bon moment. Je garde un souvenir en particulier, c\u2019est lors de l\u2019entr\u00e9e pour la finale. Le public scandait Laurent, c\u2019est grav\u00e9 en moi \u00bb, r\u00e9pond avec encore des \u00e9toiles dans les yeux l\u2019ing\u00e9nieur chez Eiffage Energie Syst\u00e8me o\u00f9 il s\u2019occupe de l\u2019installation de panneaux photovolta\u00efques.<span class=\"Apple-converted-space\">\u00a0<\/span><\/p>\n<p>Mais Paris 2024 \u00e9quivaut aussi \u00e0 une petite d\u00e9ception : \u00ab\u00a0J\u2019\u00e9tais le champion du monde en titre. J\u2019aurai pu aller chercher l\u2019or\u00a0\u00bb regrette un Laurent Chardard qui a aussi ramen\u00e9 une m\u00e9daille de bronze sur 100 m\u00e8tres nage libre S6 deux jours apr\u00e8s l\u2019obtention du m\u00eame m\u00e9tal sur le 50 m\u00e8tres papillon S6.\u00a0 \u00ab\u00a0Kylian Portal qui partageait ma chambre au village olympique avait obtenu le bronze \u00e9galement peu avant. Du coup, nous avons mis nos m\u00e9dailles respectives en bandouli\u00e8re sur notre lit\u00a0\u00bb sourit-il.<\/p>\n<p>Depuis, Laurent a analys\u00e9 ce semi-\u00e9chec : \u00ab Je me suis remis \u00e0 fond dans l\u2019entra\u00eenement apr\u00e8s Tokyo et je suis sans doute arriv\u00e9 \u00e9mouss\u00e9 \u00e0 Paris. \u00bb Autre changement, le collectif : \u00ab J\u2019avais l\u2019habitude de m\u2019entra\u00eener seul et \u00e7a me peser. Je viens du rugby o\u00f9 l\u2019esprit de groupe est fort. C\u2019est pour \u00e7a que j\u2019ai rejoint le club des Girondins de Bordeaux Natation. Je m\u2019entra\u00eene entour\u00e9 \u00e0 la piscine Juda\u00efque. \u00c7a fait la diff\u00e9rence. Nous avons un bon groupe d\u2019entra\u00eenement et \u00e7a motive.\u00bb<\/p>\n<p>Car la suite est d\u00e9j\u00e0 programm\u00e9e. Apr\u00e8s sa place de quatri\u00e8me \u00e0 Tokyo, apr\u00e8s la troisi\u00e8me de Paris, Laurent Chardard a Los Angeles 2028 dans le collimateur. Et l\u2019exp\u00e9rience risque bien de faire la diff\u00e9rence : \u00ab\u00a0J\u2019ai compris qu\u2019il fallait y aller par palier au fil des saisons. C\u2019est ce que je vais faire en montant en puissance sur les quatre saisons qui s\u00e9parent les deux olympiades.\u00a0\u00bb<\/p>\n<p>G\u00e9n\u00e9ralement, quand Laurent veut quelque chose, le multi champion du monde finit par l\u2019obtenir.<\/p>\n<p><b>Vincent Ferrandon<\/b><\/p>\n<p><b>Cr\u00e9dit photo : <\/b><a href=\"http:\/\/sports33.fr\"><span><b>sports33.fr<\/b><b><\/b><\/span><\/a><\/p>\n<p><span><b>L\u00e9gende : Laurent Chardard inaugure la pisscine Cazalet de Pessac.<\/b><\/span><\/p>\n<p>[\/et_pb_text][\/et_pb_column][\/et_pb_row][\/et_pb_section]<\/p>\n","protected":false},"excerpt":{"rendered":"<p>LE PLAN DE LAURENT CHARDARD M\u00e9daill\u00e9 de bronze en natation aux Jeux Paralympiques de Paris 2024, Laurent Chardard, install\u00e9 \u00e0 Pessac et licenci\u00e9 aux Girondins de Bordeaux Natation, vise encore mieux pour 2028. Et pour cela, rien n\u2019est laiss\u00e9 au hasard. Une reconnaissance. Le 29 ao\u00fbt dernier, Laurent Chardard a plong\u00e9 seul dans les eaux [&hellip;]<\/p>\n","protected":false},"author":2,"featured_media":5101,"comment_status":"closed","ping_status":"closed","sticky":false,"template":"","format":"standard","meta":{"_et_pb_use_builder":"on","_et_pb_old_content":"","_et_gb_content_width":"1080","footnotes":""},"categories":[1,15],"tags":[],"class_list":["post-5100","post","type-post","status-publish","format-standard","has-post-thumbnail","hentry","category-non-classe","category-portrait"],"_links":{"self":[{"href":"https:\/\/sports33.fr\/index.php?rest_route=\/wp\/v2\/posts\/5100","targetHints":{"allow":["GET"]}}],"collection":[{"href":"https:\/\/sports33.fr\/index.php?rest_route=\/wp\/v2\/posts"}],"about":[{"href":"https:\/\/sports33.fr\/index.php?rest_route=\/wp\/v2\/types\/post"}],"author":[{"embeddable":true,"href":"https:\/\/sports33.fr\/index.php?rest_route=\/wp\/v2\/users\/2"}],"replies":[{"embeddable":true,"href":"https:\/\/sports33.fr\/index.php?rest_route=%2Fwp%2Fv2%2Fcomments&post=5100"}],"version-history":[{"count":3,"href":"https:\/\/sports33.fr\/index.php?rest_route=\/wp\/v2\/posts\/5100\/revisions"}],"predecessor-version":[{"id":5111,"href":"https:\/\/sports33.fr\/index.php?rest_route=\/wp\/v2\/posts\/5100\/revisions\/5111"}],"wp:featuredmedia":[{"embeddable":true,"href":"https:\/\/sports33.fr\/index.php?rest_route=\/wp\/v2\/media\/5101"}],"wp:attachment":[{"href":"https:\/\/sports33.fr\/index.php?rest_route=%2Fwp%2Fv2%2Fmedia&parent=5100"}],"wp:term":[{"taxonomy":"category","embeddable":true,"href":"https:\/\/sports33.fr\/index.php?rest_route=%2Fwp%2Fv2%2Fcategories&post=5100"},{"taxonomy":"post_tag","embeddable":true,"href":"https:\/\/sports33.fr\/index.php?rest_route=%2Fwp%2Fv2%2Ftags&post=5100"}],"curies":[{"name":"wp","href":"https:\/\/api.w.org\/{rel}","templated":true}]}}