{"id":5096,"date":"2025-12-11T18:03:32","date_gmt":"2025-12-11T17:03:32","guid":{"rendered":"https:\/\/sports33.fr\/?p=5096"},"modified":"2025-12-11T18:03:32","modified_gmt":"2025-12-11T17:03:32","slug":"les-poudriers-tracent-leur-chemin","status":"publish","type":"post","link":"https:\/\/sports33.fr\/?p=5096","title":{"rendered":"Les Poudriers tracent leur chemin"},"content":{"rendered":"<p>[et_pb_section fb_built=\u00a0\u00bb1&Prime; _builder_version=\u00a0\u00bb4.27.4&Prime; _module_preset=\u00a0\u00bbdefault\u00a0\u00bb global_colors_info=\u00a0\u00bb{}\u00a0\u00bb theme_builder_area=\u00a0\u00bbpost_content\u00a0\u00bb][et_pb_row _builder_version=\u00a0\u00bb4.27.4&Prime; _module_preset=\u00a0\u00bbdefault\u00a0\u00bb global_colors_info=\u00a0\u00bb{}\u00a0\u00bb theme_builder_area=\u00a0\u00bbpost_content\u00a0\u00bb][et_pb_column type=\u00a0\u00bb4_4&Prime; _builder_version=\u00a0\u00bb4.27.4&Prime; _module_preset=\u00a0\u00bbdefault\u00a0\u00bb global_colors_info=\u00a0\u00bb{}\u00a0\u00bb theme_builder_area=\u00a0\u00bbpost_content\u00a0\u00bb][et_pb_text _builder_version=\u00a0\u00bb4.27.4&Prime; _module_preset=\u00a0\u00bbdefault\u00a0\u00bb hover_enabled=\u00a0\u00bb0&Prime; global_colors_info=\u00a0\u00bb{}\u00a0\u00bb theme_builder_area=\u00a0\u00bbpost_content\u00a0\u00bb sticky_enabled=\u00a0\u00bb0&Prime;]<\/p>\n<p style=\"text-align: center;\"><b>LES POUDRIERS <br \/>TRACENT LEUR CHEMIN<\/b><\/p>\n<p><b>En t\u00eate de sa poule de F\u00e9d\u00e9rale 1, Le Saint-M\u00e9dard Rugby ne c\u00e8de \u00e0 aucun emballement \u00e0 l\u2019heure de se d\u00e9placer \u00e0 Gujan-Mestras pour un derby qui promet.<\/b><\/p>\n<p>Premiers. C\u2019est en leaders de leur poule que les Poudriers se d\u00e9placent dimanche sur le terrain de l\u2019UA Gujan-Mestras. Un derby de Gironde loin d\u2019\u00eatre anodin pour le groupe saint-m\u00e9dardais comme le confirme Bertrand Cazamayou, le manager, arriv\u00e9 cet \u00e9t\u00e9 \u00e0 la t\u00eate de l\u2019\u00e9quipe : \u00ab\u00a0Nous entamons la phase retour par un gros d\u00e9placement sur le Bassin d\u2019Arcachon. Je sais que nous allons \u00eatre attendus par une \u00e9quipe de Gujan qui reste elle aussi sur deux succ\u00e8s. Nous abordons ce match avec beaucoup de prudence. Ce sera un bon test pour la suite.\u00a0\u00bb<\/p>\n<p>Des Poudriers qui sont en qu\u00eate de confirmation. A l\u2019issue des matchs aller, le Saint-M\u00e9dard Rugby a donc vir\u00e9 en t\u00eate de sa poule, avec deux unit\u00e9s d\u2019avance sur le RC Bassin d\u2019Arcachon et trois sur Floirac pour un podium 100% Gironde. Une position qui ne fait pourtant pas tourner les esprits chez des Jaune et Noir m\u00e9fiants et qui connaissent les al\u00e9as du sport : \u00ab\u00a0Voici un mois, nous \u00e9tions troisi\u00e8mes, nous venions de prendre trente points \u00e0 Courbevoie (31-16) avant nos deux succ\u00e8s d\u2019affil\u00e9e face \u00e0 Tours (31-17) et \u00e0 Barbezieux (28-32), analyse le manager girondin. Le chemin a \u00e9t\u00e9 sem\u00e9 d\u2019embuches durant cette phase aller, rien n\u2019est acquis, loin de l\u00e0. Le staff, le groupe en sont conscients. Nous ne sommes pas install\u00e9s en p\u00f4le. Nous avan\u00e7ons cependant dans notre projet, dans la continuit\u00e9 de ce qui a \u00e9t\u00e9 fait l\u2019an dernier.\u00a0\u00bb<\/p>\n<p>Un groupe qui affiche tout de m\u00eame des temps de passage plus que corrects avec un bilan de huit victoires pour trois d\u00e9faites sur les onze rencontres de championnat disput\u00e9es sur la phase aller, un bilan agr\u00e9ment\u00e9 de cinq bonus offensifs et un d\u00e9fensif.<span class=\"Apple-converted-space\">\u00a0<\/span><\/p>\n<p>Bertrand Cazamayou conc\u00e8de que l\u2019effectif \u00ab\u00a0poss\u00e8de plus de certitudes qu\u2019il y a deux mois. C\u2019est pour \u00e7a que ce derby \u00e0 Gujan-Mestras sera riche d\u2019enseignements juste avant la tr\u00eave de No\u00ebl.\u00a0\u00bb<\/p>\n<p><b>Vincent Ferrandon<\/b><\/p>\n<p><b>Cr\u00e9dit photo : Lo\u00efc Cousin<\/b><\/p>\n<p>[\/et_pb_text][\/et_pb_column][\/et_pb_row][\/et_pb_section]<\/p>\n","protected":false},"excerpt":{"rendered":"<p>LES POUDRIERS TRACENT LEUR CHEMIN En t\u00eate de sa poule de F\u00e9d\u00e9rale 1, Le Saint-M\u00e9dard Rugby ne c\u00e8de \u00e0 aucun emballement \u00e0 l\u2019heure de se d\u00e9placer \u00e0 Gujan-Mestras pour un derby qui promet. Premiers. C\u2019est en leaders de leur poule que les Poudriers se d\u00e9placent dimanche sur le terrain de l\u2019UA Gujan-Mestras. Un derby de [&hellip;]<\/p>\n","protected":false},"author":2,"featured_media":5097,"comment_status":"closed","ping_status":"closed","sticky":false,"template":"","format":"standard","meta":{"_et_pb_use_builder":"on","_et_pb_old_content":"","_et_gb_content_width":"1080","footnotes":""},"categories":[10],"tags":[],"class_list":["post-5096","post","type-post","status-publish","format-standard","has-post-thumbnail","hentry","category-rugby"],"_links":{"self":[{"href":"https:\/\/sports33.fr\/index.php?rest_route=\/wp\/v2\/posts\/5096","targetHints":{"allow":["GET"]}}],"collection":[{"href":"https:\/\/sports33.fr\/index.php?rest_route=\/wp\/v2\/posts"}],"about":[{"href":"https:\/\/sports33.fr\/index.php?rest_route=\/wp\/v2\/types\/post"}],"author":[{"embeddable":true,"href":"https:\/\/sports33.fr\/index.php?rest_route=\/wp\/v2\/users\/2"}],"replies":[{"embeddable":true,"href":"https:\/\/sports33.fr\/index.php?rest_route=%2Fwp%2Fv2%2Fcomments&post=5096"}],"version-history":[{"count":2,"href":"https:\/\/sports33.fr\/index.php?rest_route=\/wp\/v2\/posts\/5096\/revisions"}],"predecessor-version":[{"id":5099,"href":"https:\/\/sports33.fr\/index.php?rest_route=\/wp\/v2\/posts\/5096\/revisions\/5099"}],"wp:featuredmedia":[{"embeddable":true,"href":"https:\/\/sports33.fr\/index.php?rest_route=\/wp\/v2\/media\/5097"}],"wp:attachment":[{"href":"https:\/\/sports33.fr\/index.php?rest_route=%2Fwp%2Fv2%2Fmedia&parent=5096"}],"wp:term":[{"taxonomy":"category","embeddable":true,"href":"https:\/\/sports33.fr\/index.php?rest_route=%2Fwp%2Fv2%2Fcategories&post=5096"},{"taxonomy":"post_tag","embeddable":true,"href":"https:\/\/sports33.fr\/index.php?rest_route=%2Fwp%2Fv2%2Ftags&post=5096"}],"curies":[{"name":"wp","href":"https:\/\/api.w.org\/{rel}","templated":true}]}}