{"id":5061,"date":"2025-12-10T11:18:07","date_gmt":"2025-12-10T10:18:07","guid":{"rendered":"https:\/\/sports33.fr\/?p=5061"},"modified":"2025-12-10T18:41:44","modified_gmt":"2025-12-10T17:41:44","slug":"une-envie-au-dela-du-jeu","status":"publish","type":"post","link":"https:\/\/sports33.fr\/?p=5061","title":{"rendered":"Une envie au del\u00e0 du jeu"},"content":{"rendered":"<p>[et_pb_section fb_built=\u00a0\u00bb1&Prime; _builder_version=\u00a0\u00bb4.27.4&Prime; _module_preset=\u00a0\u00bbdefault\u00a0\u00bb global_colors_info=\u00a0\u00bb{}\u00a0\u00bb theme_builder_area=\u00a0\u00bbpost_content\u00a0\u00bb][et_pb_row _builder_version=\u00a0\u00bb4.27.4&Prime; _module_preset=\u00a0\u00bbdefault\u00a0\u00bb global_colors_info=\u00a0\u00bb{}\u00a0\u00bb theme_builder_area=\u00a0\u00bbpost_content\u00a0\u00bb][et_pb_column type=\u00a0\u00bb4_4&Prime; _builder_version=\u00a0\u00bb4.27.4&Prime; _module_preset=\u00a0\u00bbdefault\u00a0\u00bb global_colors_info=\u00a0\u00bb{}\u00a0\u00bb theme_builder_area=\u00a0\u00bbpost_content\u00a0\u00bb][et_pb_text _builder_version=\u00a0\u00bb4.27.4&Prime; _module_preset=\u00a0\u00bbdefault\u00a0\u00bb hover_enabled=\u00a0\u00bb0&Prime; global_colors_info=\u00a0\u00bb{}\u00a0\u00bb theme_builder_area=\u00a0\u00bbpost_content\u00a0\u00bb sticky_enabled=\u00a0\u00bb0&Prime;]<\/p>\n<p style=\"text-align: center;\"><b>UNE ENVIE AU DEL\u00c0 DU JEU<\/b><\/p>\n<p><b>Ancien joueur du Stade Bordelais, Daniel Nana Gassa a pass\u00e9 ses valises \u00e0 Fos-sur-Mer pr\u00e8s de Marseille. Mais l\u2019attaquant ne se contente pas de jouer.<\/b><\/p>\n<p>Multi-t\u00e2che. Daniel Nana Gassa l\u2019est. Et s\u2019exporte bien. Lorsque qu\u2019on \u00e9voque la formation fran\u00e7aise, la pens\u00e9e vagabonde g\u00e9n\u00e9ralement vers les viviers lyonnais et parisien mais le vivier de la Gironde forme et fait \u00e9voluer de nombreux joueurs qui jouent dans les divisions inf\u00e9rieures notamment entre la N2 et N3.<span class=\"Apple-converted-space\">\u00a0<\/span><\/p>\n<p>C\u2019est le cas de Daniel Nana, un joueur originaire de la Rive Droite et qui ne se contente pas de jouer. Le joueur a ainsi a cr\u00e9\u00e9 son m\u00e9dia cet \u00e9t\u00e9 \u00ab\u00a0 m\u00e9dia national \u00bb orient\u00e9 sur des interviews de joueurs \u00e9voluant dans les divisions inf\u00e9rieures et surtout pour parler football. \u00ab Aujourd\u2019hui ,\u00e0 28 ans, je me suis lanc\u00e9, accompagn\u00e9 d\u2019un ami. Et je pense que c\u2019\u00e9tait le bon moment, j&rsquo;arrive au milieu de ma carri\u00e8re, j\u2019affiche une certaine stabilit\u00e9 \u00e0 ces niveaux et donc une cr\u00e9dibilit\u00e9 et l\u00e9gitimit\u00e9 que j\u2019ai pu acqu\u00e9rir tout au long de ces ann\u00e9es pour parler de mon sport. Je connais pas mal de joueurs qui soutiennent l&rsquo;initiative et comme j\u2019aime dire : \u00ab Media National : notre force, les joueurs \u00bb parce que rappelons que le but de ce m\u00e9dia est de mettre en valeur les acteurs du monde semi professionnel dans un cadre d\u00e9tendu et professionnel. \u00bb Une vision qui est aussi le but de <a href=\"http:\/\/sports33.fr\"><span>sports33.fr<\/span><\/a><\/p>\n<p>Apr\u00e8s une saison derni\u00e8re pass\u00e9e du c\u00f4t\u00e9 de Bayonne en National 3 avec \u00e0 la cl\u00e9 une mont\u00e9e en N2 pour les basques,<span class=\"Apple-converted-space\">\u00a0 <\/span>Daniel a choisi une autre voie \u00ab\u00a0Si je ne suis plus \u00e0 Bayonne c\u2019est que mon histoire avec le foot ne s&rsquo;\u00e9crivait pas l\u00e0-bas tout simplement. Apr\u00e8s, sur le papier c\u2019est s\u00fbr que j\u2019aurais aim\u00e9 \u00e9volu\u00e9 en N2 d\u2019autant plus avec une \u00e9quipe avec laquelle je suis mont\u00e9.\u00a0\u00bb<\/p>\n<p>Actuellement joueur du c\u00f4t\u00e9 de ES Foss\u00e9enne \u00e9voluant en N3, son acclimatation dans son nouveau club s\u2019est d\u00e9roul\u00e9e sans probl\u00e8me \u00ab\u00a0Mi-juillet, j\u2019ai d\u00e9couvert l\u2019ensemble du club, staff, co\u00e9quipiers, b\u00e9n\u00e9voles<span class=\"Apple-converted-space\">\u00a0 <\/span>qui m\u2019ont tous bien accueilli. Donc pas de soucis \u00e0 ce niveau. Apr\u00e8s comme partout, c\u2019est surtout le terrain qui parle donc j\u2019ai d\u00fb montrer mes qualit\u00e9s \u00e0 mes co\u00e9quipiers et \u00e9galement cr\u00e9er des affinit\u00e9s \u00e9motionnelles et techniques avec eux\u00a0\u00bb.<span class=\"Apple-converted-space\">\u00a0<\/span><\/p>\n<p>Malgr\u00e9 quelques probl\u00e8mes physiques en pr\u00e9-saison l\u2019attaquant s\u2019est vite remis sur les roues. Daniel explique sa vision sur son groupe de la N3 \u00ab Simplement je m\u2019attendais \u00e0 affronter des joueurs plus forts individuellement que dans ma r\u00e9gion d\u2019origine de part ce que je pouvais observer lire ou entendre sur la r\u00e9putation du sud. Et je pense que cela est encore plus marqu\u00e9 dans la poule de N2 du Sud. \u00bb<\/p>\n<p>De quoi donner une exp\u00e9rience suppl\u00e9mentaire \u00e0 l\u2019ancien joueur du Stade Montois, du Stade Bordelais ou de Tr\u00e9lissac.<\/p>\n<p><b>Alex Cazenave<\/b><\/p>\n<p><b>Cr\u00e9dit photo : DR<\/b><\/p>\n<p>[\/et_pb_text][\/et_pb_column][\/et_pb_row][\/et_pb_section]<\/p>\n","protected":false},"excerpt":{"rendered":"<p>UNE ENVIE AU DEL\u00c0 DU JEU Ancien joueur du Stade Bordelais, Daniel Nana Gassa a pass\u00e9 ses valises \u00e0 Fos-sur-Mer pr\u00e8s de Marseille. Mais l\u2019attaquant ne se contente pas de jouer. Multi-t\u00e2che. Daniel Nana Gassa l\u2019est. Et s\u2019exporte bien. Lorsque qu\u2019on \u00e9voque la formation fran\u00e7aise, la pens\u00e9e vagabonde g\u00e9n\u00e9ralement vers les viviers lyonnais et parisien [&hellip;]<\/p>\n","protected":false},"author":2,"featured_media":5066,"comment_status":"closed","ping_status":"closed","sticky":false,"template":"","format":"standard","meta":{"_et_pb_use_builder":"on","_et_pb_old_content":"","_et_gb_content_width":"1080","footnotes":""},"categories":[9,15],"tags":[],"class_list":["post-5061","post","type-post","status-publish","format-standard","has-post-thumbnail","hentry","category-football","category-portrait"],"_links":{"self":[{"href":"https:\/\/sports33.fr\/index.php?rest_route=\/wp\/v2\/posts\/5061","targetHints":{"allow":["GET"]}}],"collection":[{"href":"https:\/\/sports33.fr\/index.php?rest_route=\/wp\/v2\/posts"}],"about":[{"href":"https:\/\/sports33.fr\/index.php?rest_route=\/wp\/v2\/types\/post"}],"author":[{"embeddable":true,"href":"https:\/\/sports33.fr\/index.php?rest_route=\/wp\/v2\/users\/2"}],"replies":[{"embeddable":true,"href":"https:\/\/sports33.fr\/index.php?rest_route=%2Fwp%2Fv2%2Fcomments&post=5061"}],"version-history":[{"count":3,"href":"https:\/\/sports33.fr\/index.php?rest_route=\/wp\/v2\/posts\/5061\/revisions"}],"predecessor-version":[{"id":5080,"href":"https:\/\/sports33.fr\/index.php?rest_route=\/wp\/v2\/posts\/5061\/revisions\/5080"}],"wp:featuredmedia":[{"embeddable":true,"href":"https:\/\/sports33.fr\/index.php?rest_route=\/wp\/v2\/media\/5066"}],"wp:attachment":[{"href":"https:\/\/sports33.fr\/index.php?rest_route=%2Fwp%2Fv2%2Fmedia&parent=5061"}],"wp:term":[{"taxonomy":"category","embeddable":true,"href":"https:\/\/sports33.fr\/index.php?rest_route=%2Fwp%2Fv2%2Fcategories&post=5061"},{"taxonomy":"post_tag","embeddable":true,"href":"https:\/\/sports33.fr\/index.php?rest_route=%2Fwp%2Fv2%2Ftags&post=5061"}],"curies":[{"name":"wp","href":"https:\/\/api.w.org\/{rel}","templated":true}]}}