{"id":4103,"date":"2025-10-27T19:43:06","date_gmt":"2025-10-27T18:43:06","guid":{"rendered":"https:\/\/sports33.fr\/?p=4103"},"modified":"2025-10-27T19:53:27","modified_gmt":"2025-10-27T18:53:27","slug":"larriere-prend-les-devants","status":"publish","type":"post","link":"https:\/\/sports33.fr\/?p=4103","title":{"rendered":"L\u2019ailier prend les devants"},"content":{"rendered":"<p>[et_pb_section fb_built=\u00a0\u00bb1&Prime; _builder_version=\u00a0\u00bb4.27.4&Prime; _module_preset=\u00a0\u00bbdefault\u00a0\u00bb global_colors_info=\u00a0\u00bb{}\u00a0\u00bb theme_builder_area=\u00a0\u00bbpost_content\u00a0\u00bb][et_pb_row _builder_version=\u00a0\u00bb4.27.4&Prime; _module_preset=\u00a0\u00bbdefault\u00a0\u00bb global_colors_info=\u00a0\u00bb{}\u00a0\u00bb theme_builder_area=\u00a0\u00bbpost_content\u00a0\u00bb][et_pb_column type=\u00a0\u00bb4_4&Prime; _builder_version=\u00a0\u00bb4.27.4&Prime; _module_preset=\u00a0\u00bbdefault\u00a0\u00bb global_colors_info=\u00a0\u00bb{}\u00a0\u00bb theme_builder_area=\u00a0\u00bbpost_content\u00a0\u00bb][et_pb_text _builder_version=\u00a0\u00bb4.27.4&Prime; _module_preset=\u00a0\u00bbdefault\u00a0\u00bb hover_enabled=\u00a0\u00bb0&Prime; global_colors_info=\u00a0\u00bb{}\u00a0\u00bb theme_builder_area=\u00a0\u00bbpost_content\u00a0\u00bb sticky_enabled=\u00a0\u00bb0&Prime;]<\/p>\n<p style=\"text-align: center;\"><b>L\u2019AILIER PREND LES DEVANTS<\/b><\/p>\n<p><b>Arriv\u00e9 cette saison en provenance des JSA Bordeaux, L\u00e9o Billon apporte son v\u00e9cu \u00e0 sa nouvelle \u00e9quipe malgr\u00e9 son jeune \u00e2ge.<\/b><\/p>\n<p>Une nouvelle exp\u00e9rience.<span class=\"Apple-converted-space\">\u00a0 <\/span>Arriv\u00e9 au Saint-M\u00e9dard Basket en d\u00e9but de saison, L\u00e9o Billon esp\u00e8re que ce passage durera. Car \u00e0<span class=\"Apple-converted-space\">\u00a0 <\/span>24 ans, c\u2019est peu dire que le joueur a d\u00e9j\u00e0 roul\u00e9 sa bosse. L\u2019ailier a ainsi vu du pays, passant de La Rochelle, son port d\u2019attache, \u00e0 Saint-M\u00e9dard, en passant par Cholet, Le Centre F\u00e9d\u00e9ral, Boulazac, Saint Quentin, Laval et les JSA Bordeaux.<span class=\"Apple-converted-space\">\u00a0<\/span><\/p>\n<p>Un tour de France qui a permis au num\u00e9ro 10 de Saint-M\u00e9dard d\u2019emmagasiner du v\u00e9cu alors qu\u2019il entame sa deuxi\u00e8me ann\u00e9e en Gironde apr\u00e8s une saison aux JSA Bordeaux en N2. Un d\u00e9part du club bordelais qui n\u2019\u00e9tait pas forc\u00e9ment pr\u00e9vu \u00e0 la base : \u00ab Le club a chang\u00e9 de coach et les entra\u00eenements ont \u00e9t\u00e9 avanc\u00e9s en matin\u00e9es ou durant les midis. Je suis en Master 2 en communication digitale et alternant en communication \u00e0 Orange. Ces horaires \u00e9taient incompatibles avec mon activit\u00e9 professionnelle. J\u2019ai donc du faire un choix.\u00bb<\/p>\n<p>L\u00e9o ne reste cependant pas longtemps sans club. Saint-M\u00e9dard, par le bon coup all\u00e9ch\u00e9, se renseigne et tr\u00e8s vite l\u2019affaire se conclut : \u00ab\u00a0Le feeling est bien pass\u00e9. Et peu importe que j\u2019\u00e9volue en N3, un cran en dessous. Le club est ambitieux et j\u2019ai tout pour prendre du plaisir.\u00a0\u00bb<\/p>\n<p>Les premiers pas sous les couleurs des Poudriers sont d\u2019ailleurs plus que satisfaisants pour un L\u00e9o Billon qui n\u2019a connu que des victoires avec son nouveau club sur les six premi\u00e8res journ\u00e9es de championnat : \u00ab\u00a0Je crois que l\u2019on ne va plus pouvoir se cacher. Avec ce d\u00e9but de saison, on va viser la mont\u00e9e. J\u2019avoue que rejouer en N2 serait une bonne nouvelle pour moi et le club.\u00a0\u00bb<\/p>\n<p>Une \u00e9quipe qui peut b\u00e9n\u00e9ficier du v\u00e9cu de son nouveau joueur qui culmine \u00e0 2 m mais qui a d\u00e9but\u00e9 le sport par le football et l\u2019athl\u00e9tisme : \u00ab C\u2019est \u00e0 7-8 ans que je suis venu au basket chez moi \u00e0 La Rochelle. Ma taille peut bien s\u00fbr aider sur certains points mais ce n\u2019est pas non plus une \u00e9vidence car les petits peuvent aussi tirer leur \u00e9pingle du jeu. \u00bb<\/p>\n<p>Ce sont plut\u00f4t ses qualit\u00e9s dans le jeu qui font monter L\u00e9o tr\u00e8s haut dans la hi\u00e9rarchie avec notamment deux saisons \u00e0 Boulazac aux tournants de ses 20 ans. Une pr\u00e9sence en Dordogne qui se traduit par des bouts de matchs en Elite. Pas de quoi donner la grosse t\u00eate au n\u00e9o-saint-m\u00e9dardais : \u00ab\u00a0Ok, j\u2019ai jou\u00e9 deux-trois minutes de temps \u00e0 autre en Elite. Et alors? C\u2019est pas \u00e7a qui va me faire prendre pour un autre.\u00a0\u00bb<span class=\"Apple-converted-space\">\u00a0<\/span><\/p>\n<p>Une modestie et une discr\u00e9tion qui caract\u00e9rise un L\u00e9o qui se d\u00e9finit comme \u00ab\u00a0introverti.\u00a0\u00bb Mais le num\u00e9ro 10 des Poudriers apporte quand m\u00eame son exp\u00e9rience \u00e0 ses nouvelles couleurs : \u00ab\u00a0Je peux structurer le jeu, le fluidifier. Le fait d\u2019avoir c\u00f4toy\u00e9 des pros lors des entra\u00eenements m\u2019a beaucoup apport\u00e9 au niveau de l\u2019adresse et dans l\u2019intelligence du jeu.\u00a0\u00bb<\/p>\n<p>Une aubaine pour des Poudriers qui pourraient bien prendre un maximum de plaisir cette saison dans le sillage de son ailier fort.<\/p>\n<p><b>Vincent Ferrandon<\/b><\/p>\n<p><b>Cr\u00e9dit photo : Sports33.fr<\/b><\/p>\n<p><b>L\u00e9gende : L\u00e9o Billon, num\u00e9ro 10, ballon en main.<\/b><\/p>\n<p>[\/et_pb_text][\/et_pb_column][\/et_pb_row][\/et_pb_section]<\/p>\n","protected":false},"excerpt":{"rendered":"<p>L\u2019AILIER PREND LES DEVANTS Arriv\u00e9 cette saison en provenance des JSA Bordeaux, L\u00e9o Billon apporte son v\u00e9cu \u00e0 sa nouvelle \u00e9quipe malgr\u00e9 son jeune \u00e2ge. Une nouvelle exp\u00e9rience.\u00a0 Arriv\u00e9 au Saint-M\u00e9dard Basket en d\u00e9but de saison, L\u00e9o Billon esp\u00e8re que ce passage durera. Car \u00e0\u00a0 24 ans, c\u2019est peu dire que le joueur a d\u00e9j\u00e0 [&hellip;]<\/p>\n","protected":false},"author":2,"featured_media":4104,"comment_status":"closed","ping_status":"closed","sticky":false,"template":"","format":"standard","meta":{"_et_pb_use_builder":"on","_et_pb_old_content":"","_et_gb_content_width":"1080","footnotes":""},"categories":[14,15],"tags":[],"class_list":["post-4103","post","type-post","status-publish","format-standard","has-post-thumbnail","hentry","category-basket","category-portrait"],"_links":{"self":[{"href":"https:\/\/sports33.fr\/index.php?rest_route=\/wp\/v2\/posts\/4103","targetHints":{"allow":["GET"]}}],"collection":[{"href":"https:\/\/sports33.fr\/index.php?rest_route=\/wp\/v2\/posts"}],"about":[{"href":"https:\/\/sports33.fr\/index.php?rest_route=\/wp\/v2\/types\/post"}],"author":[{"embeddable":true,"href":"https:\/\/sports33.fr\/index.php?rest_route=\/wp\/v2\/users\/2"}],"replies":[{"embeddable":true,"href":"https:\/\/sports33.fr\/index.php?rest_route=%2Fwp%2Fv2%2Fcomments&post=4103"}],"version-history":[{"count":4,"href":"https:\/\/sports33.fr\/index.php?rest_route=\/wp\/v2\/posts\/4103\/revisions"}],"predecessor-version":[{"id":4109,"href":"https:\/\/sports33.fr\/index.php?rest_route=\/wp\/v2\/posts\/4103\/revisions\/4109"}],"wp:featuredmedia":[{"embeddable":true,"href":"https:\/\/sports33.fr\/index.php?rest_route=\/wp\/v2\/media\/4104"}],"wp:attachment":[{"href":"https:\/\/sports33.fr\/index.php?rest_route=%2Fwp%2Fv2%2Fmedia&parent=4103"}],"wp:term":[{"taxonomy":"category","embeddable":true,"href":"https:\/\/sports33.fr\/index.php?rest_route=%2Fwp%2Fv2%2Fcategories&post=4103"},{"taxonomy":"post_tag","embeddable":true,"href":"https:\/\/sports33.fr\/index.php?rest_route=%2Fwp%2Fv2%2Ftags&post=4103"}],"curies":[{"name":"wp","href":"https:\/\/api.w.org\/{rel}","templated":true}]}}