{"id":4049,"date":"2025-10-26T20:44:33","date_gmt":"2025-10-26T19:44:33","guid":{"rendered":"https:\/\/sports33.fr\/?p=4049"},"modified":"2025-10-26T20:44:33","modified_gmt":"2025-10-26T19:44:33","slug":"cest-parti-pour-les-merignacaises","status":"publish","type":"post","link":"https:\/\/sports33.fr\/?p=4049","title":{"rendered":"C\u2019est parti pour les m\u00e9rignacaises"},"content":{"rendered":"<p>[et_pb_section fb_built=\u00a0\u00bb1&Prime; _builder_version=\u00a0\u00bb4.27.4&Prime; _module_preset=\u00a0\u00bbdefault\u00a0\u00bb global_colors_info=\u00a0\u00bb{}\u00a0\u00bb theme_builder_area=\u00a0\u00bbpost_content\u00a0\u00bb][et_pb_row _builder_version=\u00a0\u00bb4.27.4&Prime; _module_preset=\u00a0\u00bbdefault\u00a0\u00bb global_colors_info=\u00a0\u00bb{}\u00a0\u00bb theme_builder_area=\u00a0\u00bbpost_content\u00a0\u00bb][et_pb_column type=\u00a0\u00bb4_4&Prime; _builder_version=\u00a0\u00bb4.27.4&Prime; _module_preset=\u00a0\u00bbdefault\u00a0\u00bb global_colors_info=\u00a0\u00bb{}\u00a0\u00bb theme_builder_area=\u00a0\u00bbpost_content\u00a0\u00bb][et_pb_text _builder_version=\u00a0\u00bb4.27.4&Prime; _module_preset=\u00a0\u00bbdefault\u00a0\u00bb hover_enabled=\u00a0\u00bb0&Prime; global_colors_info=\u00a0\u00bb{}\u00a0\u00bb theme_builder_area=\u00a0\u00bbpost_content\u00a0\u00bb sticky_enabled=\u00a0\u00bb0&Prime;]<\/p>\n<p style=\"text-align: center;\"><b>C\u2019EST PARTI POUR LES M\u00c9RIGNACAISES<\/b><\/p>\n<p><b>Premier succ\u00e8s du SAM cette saison en N2F apr\u00e8s deux d\u00e9faites subies depuis le d\u00e9but de la saison.<\/b><\/p>\n<p><b>SA M\u00e9rignac-V\u00e9lizy 3-0<\/b><\/p>\n<p><i>Fiche technique \u00e0 retrouver en fin d\u2019article<\/i><\/p>\n<p>Le sourire est revenu. Apr\u00e8s une derni\u00e8re saison compliqu\u00e9e, apr\u00e8s un d\u00e9but de championnat marqu\u00e9 par deux revers en deux matchs, les samistes ont repris leur destin en main. Un succ\u00e8s acquis avec la mani\u00e8re qui satisfait Emmanuel Turpinat, le coach m\u00e9rignacais arriv\u00e9 sur le banc de l\u2019\u00e9quipe cette saison : \u00ab\u00a0C\u2019est un succ\u00e8s 3-0 net et sans bavure. Nous avons tout de suite \u00e9t\u00e9 dans le rythme en prenant un ascendant psychologique sur l\u2019\u00e9quipe adverse. Nous avons pu maintenir ce niveau de jeu durant toute la rencontre. Cette victoire peut vraiment lancer notre saison d\u2019autant que les quatre matchs \u00e0 venir me semble \u00e0 notre port\u00e9e. Le but aussi est de prendre le plus de plaisir possible durant nos rencontres.\u00a0\u00bb<\/p>\n<p>Des m\u00e9rignacaises qui avaient subi la loi de Carpinet \u00e0 domicile puis de Nantes en d\u00e9placement, deux d\u00e9faites sur un score sec de 3-0. Mais en sport, il ne sert \u00e0 rien de ressasser. Et les samistes d\u00e9marrent cette partie tambour battant en s\u2019\u00e9chappant rapidement au score (6-2). Une dynamique que les girondines parviennent \u00e0 garder durant la totalit\u00e9 de ce premier set, boucl\u00e9 sur le score de 25-15.<span class=\"Apple-converted-space\">\u00a0<\/span><\/p>\n<p>De quoi donner confiance au groupe m\u00e9rignacais, lequel remet le bleu de chauffe et parvient de nouveau \u00e0 contrecarrer les offensives parisiennes. Les attaques plac\u00e9es du SAM font merveille et permettent de s\u2019offrir le gain de la deuxi\u00e8me manche (25-17).<\/p>\n<p>La proie semble coinc\u00e9e mais V\u00e9lizy redresse la t\u00eate d\u00e8s la reprise. Le curseur h\u00e9site alors entre les deux camps. Mais l\u2019\u00e9quipe M\u00e9rignac tient, met du coeur \u00e0 l\u2019ouvrage, trouve des solutions et parvient \u00e0 garder les nerfs solides pour assurer le gain du set et du match (25-22).<\/p>\n<p><b>Vincent Ferrandon<\/b><\/p>\n<p><b>Cr\u00e9dit photo : <\/b><a href=\"http:\/\/sports33.fr\"><span><b>sports33.fr<\/b><b><\/b><\/span><\/a><\/p>\n<p><b>M\u00e9rignac-V\u00e9lizy 3-0<\/b><\/p>\n<p>Sets : 25-15 (26\u2019), 25-17 (24\u2019), 25-22 (27\u2019)<\/p>\n<p>M\u00e9rignac : L\u2019\u00e9quipe : Sicilia, De Tienda, Rabemanatsoa, Gautier (L), Raus, Dobozy, Bovin, Maingonnat, Mariot Thierry, Akono, Genge<\/p>\n<p>&nbsp;<\/p>\n<p>[\/et_pb_text][\/et_pb_column][\/et_pb_row][\/et_pb_section]<\/p>\n","protected":false},"excerpt":{"rendered":"<p>C\u2019EST PARTI POUR LES M\u00c9RIGNACAISES Premier succ\u00e8s du SAM cette saison en N2F apr\u00e8s deux d\u00e9faites subies depuis le d\u00e9but de la saison. SA M\u00e9rignac-V\u00e9lizy 3-0 Fiche technique \u00e0 retrouver en fin d\u2019article Le sourire est revenu. Apr\u00e8s une derni\u00e8re saison compliqu\u00e9e, apr\u00e8s un d\u00e9but de championnat marqu\u00e9 par deux revers en deux matchs, les [&hellip;]<\/p>\n","protected":false},"author":2,"featured_media":4050,"comment_status":"closed","ping_status":"closed","sticky":false,"template":"","format":"standard","meta":{"_et_pb_use_builder":"on","_et_pb_old_content":"","_et_gb_content_width":"1080","footnotes":""},"categories":[12],"tags":[],"class_list":["post-4049","post","type-post","status-publish","format-standard","has-post-thumbnail","hentry","category-volley"],"_links":{"self":[{"href":"https:\/\/sports33.fr\/index.php?rest_route=\/wp\/v2\/posts\/4049","targetHints":{"allow":["GET"]}}],"collection":[{"href":"https:\/\/sports33.fr\/index.php?rest_route=\/wp\/v2\/posts"}],"about":[{"href":"https:\/\/sports33.fr\/index.php?rest_route=\/wp\/v2\/types\/post"}],"author":[{"embeddable":true,"href":"https:\/\/sports33.fr\/index.php?rest_route=\/wp\/v2\/users\/2"}],"replies":[{"embeddable":true,"href":"https:\/\/sports33.fr\/index.php?rest_route=%2Fwp%2Fv2%2Fcomments&post=4049"}],"version-history":[{"count":2,"href":"https:\/\/sports33.fr\/index.php?rest_route=\/wp\/v2\/posts\/4049\/revisions"}],"predecessor-version":[{"id":4052,"href":"https:\/\/sports33.fr\/index.php?rest_route=\/wp\/v2\/posts\/4049\/revisions\/4052"}],"wp:featuredmedia":[{"embeddable":true,"href":"https:\/\/sports33.fr\/index.php?rest_route=\/wp\/v2\/media\/4050"}],"wp:attachment":[{"href":"https:\/\/sports33.fr\/index.php?rest_route=%2Fwp%2Fv2%2Fmedia&parent=4049"}],"wp:term":[{"taxonomy":"category","embeddable":true,"href":"https:\/\/sports33.fr\/index.php?rest_route=%2Fwp%2Fv2%2Fcategories&post=4049"},{"taxonomy":"post_tag","embeddable":true,"href":"https:\/\/sports33.fr\/index.php?rest_route=%2Fwp%2Fv2%2Ftags&post=4049"}],"curies":[{"name":"wp","href":"https:\/\/api.w.org\/{rel}","templated":true}]}}