{"id":3008,"date":"2025-09-05T20:00:36","date_gmt":"2025-09-05T18:00:36","guid":{"rendered":"https:\/\/sports33.fr\/?p=3008"},"modified":"2025-09-06T10:09:36","modified_gmt":"2025-09-06T08:09:36","slug":"basculer-du-bon-cote","status":"publish","type":"post","link":"https:\/\/sports33.fr\/?p=3008","title":{"rendered":"Basculer du bon c\u00f4t\u00e9"},"content":{"rendered":"<p>[et_pb_section fb_built=\u00a0\u00bb1&Prime; _builder_version=\u00a0\u00bb4.27.4&Prime; _module_preset=\u00a0\u00bbdefault\u00a0\u00bb global_colors_info=\u00a0\u00bb{}\u00a0\u00bb theme_builder_area=\u00a0\u00bbpost_content\u00a0\u00bb][et_pb_row _builder_version=\u00a0\u00bb4.27.4&Prime; _module_preset=\u00a0\u00bbdefault\u00a0\u00bb global_colors_info=\u00a0\u00bb{}\u00a0\u00bb theme_builder_area=\u00a0\u00bbpost_content\u00a0\u00bb][et_pb_column type=\u00a0\u00bb4_4&Prime; _builder_version=\u00a0\u00bb4.27.4&Prime; _module_preset=\u00a0\u00bbdefault\u00a0\u00bb global_colors_info=\u00a0\u00bb{}\u00a0\u00bb theme_builder_area=\u00a0\u00bbpost_content\u00a0\u00bb][et_pb_text _builder_version=\u00a0\u00bb4.27.4&Prime; _module_preset=\u00a0\u00bbdefault\u00a0\u00bb hover_enabled=\u00a0\u00bb0&Prime; global_colors_info=\u00a0\u00bb{}\u00a0\u00bb theme_builder_area=\u00a0\u00bbpost_content\u00a0\u00bb sticky_enabled=\u00a0\u00bb0&Prime;]<\/p>\n<p style=\"text-align: center;\"><b>BASCULER DU BON C\u00d4T\u00c9<\/b><\/p>\n<p><b>Apr\u00e8s un succ\u00e8s et une d\u00e9faite en R1, le SA M\u00e9rignac veut embellir son d\u00e9but de saison lors de la r\u00e9ception dimanche de l\u2019Arin Luzien.<\/b><\/p>\n<p>La balance est \u00e0 l\u2019\u00e9quilibre. Victorieux lors d\u2019un derby de Gironde de la r\u00e9serve des Girondins de Bordeaux au terme de la premi\u00e8re journ\u00e9e de championnat (2-1), les m\u00e9rignacais ont but\u00e9 la semaine derni\u00e8re face \u00e0 Maz\u00e8res en s\u2019inclinant 2-0 au pied des Pyr\u00e9n\u00e9es.<span class=\"Apple-converted-space\">\u00a0<\/span><\/p>\n<p>Un revers qui rend le bilan de ce d\u00e9but \u00ab\u00a0mitig\u00e9\u00a0\u00bb comme le lance Cl\u00e9ment Tapy, le coach samiste.qui poursuit : \u00ab\u00a0La victoire obtenue face aux Girondins a donn\u00e9 beaucoup de satisfactions au groupe. C\u2019\u00e9tait une grosse affiche et l\u2019\u00e9quipe avait r\u00e9pondu pr\u00e9sente. Mais la d\u00e9faite \u00e0 Maz\u00e8res a constitu\u00e9 une douche froide, un vrai retour de b\u00e2ton. Dans un contexte difficile, nous avons un peu perdu pied.\u00a0\u00bb<\/p>\n<p>Un partout, balle au centre dit-on en sport. Et cette d\u00e9faite peut aussi servir d\u2019\u00e9lectrochoc et de r\u00e9v\u00e9lateur pour Cl\u00e9ment Tapy : \u00ab\u00a0Apr\u00e8s ces deux premi\u00e8res journ\u00e9es, nous avons ce qu\u2019il faut faire et ne pas faire. Un bon r\u00e9sultat \u00e0 domicile fait \u00e9videmment toujours partie de nos objectifs. Le groupe a \u00e0 coeur de r\u00e9agir sur notre terrain, devant notre public. L\u2019envie de faire plaisir \u00e0 nos supporters est \u00e9galement tr\u00e8s forte.\u00a0\u00bb<\/p>\n<p>La venue de l\u2019Arin Luzien servira donc d\u2019\u00e9talon pour un groupe sonn\u00e9 sit\u00f4t la d\u00e9faite de la semaine derni\u00e8re consomm\u00e9e. \u00ab\u00a0Ils \u00e9taient tr\u00e8s abattus,<span class=\"Apple-converted-space\">\u00a0 \u00a0 <\/span>rench\u00e9rit Cl\u00e9ment Tapy. Mais nous avons bien travaill\u00e9 cette semaine.L\u2019effectif \u00e9tait mobilis\u00e9, r\u00e9actif, de bonne humeur, a bien travaill\u00e9.\u00a0\u00bb<\/p>\n<p>Autant d\u2019indicateurs qu\u2019il va falloir transformer en points ce dimanche.<\/p>\n<p><b>Vincent Ferrandon<\/b><\/p>\n<p><b>Cr\u00e9dit photo : Aur\u00e9lien Walas<\/b><\/p>\n<p>[\/et_pb_text][\/et_pb_column][\/et_pb_row][\/et_pb_section]<\/p>\n","protected":false},"excerpt":{"rendered":"<p>BASCULER DU BON C\u00d4T\u00c9 Apr\u00e8s un succ\u00e8s et une d\u00e9faite en R1, le SA M\u00e9rignac veut embellir son d\u00e9but de saison lors de la r\u00e9ception dimanche de l\u2019Arin Luzien. La balance est \u00e0 l\u2019\u00e9quilibre. Victorieux lors d\u2019un derby de Gironde de la r\u00e9serve des Girondins de Bordeaux au terme de la premi\u00e8re journ\u00e9e de championnat [&hellip;]<\/p>\n","protected":false},"author":2,"featured_media":2845,"comment_status":"closed","ping_status":"closed","sticky":false,"template":"","format":"standard","meta":{"_et_pb_use_builder":"on","_et_pb_old_content":"","_et_gb_content_width":"1080","footnotes":""},"categories":[9],"tags":[],"class_list":["post-3008","post","type-post","status-publish","format-standard","has-post-thumbnail","hentry","category-football"],"_links":{"self":[{"href":"https:\/\/sports33.fr\/index.php?rest_route=\/wp\/v2\/posts\/3008","targetHints":{"allow":["GET"]}}],"collection":[{"href":"https:\/\/sports33.fr\/index.php?rest_route=\/wp\/v2\/posts"}],"about":[{"href":"https:\/\/sports33.fr\/index.php?rest_route=\/wp\/v2\/types\/post"}],"author":[{"embeddable":true,"href":"https:\/\/sports33.fr\/index.php?rest_route=\/wp\/v2\/users\/2"}],"replies":[{"embeddable":true,"href":"https:\/\/sports33.fr\/index.php?rest_route=%2Fwp%2Fv2%2Fcomments&post=3008"}],"version-history":[{"count":3,"href":"https:\/\/sports33.fr\/index.php?rest_route=\/wp\/v2\/posts\/3008\/revisions"}],"predecessor-version":[{"id":3011,"href":"https:\/\/sports33.fr\/index.php?rest_route=\/wp\/v2\/posts\/3008\/revisions\/3011"}],"wp:featuredmedia":[{"embeddable":true,"href":"https:\/\/sports33.fr\/index.php?rest_route=\/wp\/v2\/media\/2845"}],"wp:attachment":[{"href":"https:\/\/sports33.fr\/index.php?rest_route=%2Fwp%2Fv2%2Fmedia&parent=3008"}],"wp:term":[{"taxonomy":"category","embeddable":true,"href":"https:\/\/sports33.fr\/index.php?rest_route=%2Fwp%2Fv2%2Fcategories&post=3008"},{"taxonomy":"post_tag","embeddable":true,"href":"https:\/\/sports33.fr\/index.php?rest_route=%2Fwp%2Fv2%2Ftags&post=3008"}],"curies":[{"name":"wp","href":"https:\/\/api.w.org\/{rel}","templated":true}]}}