{"id":3004,"date":"2025-09-05T15:50:56","date_gmt":"2025-09-05T13:50:56","guid":{"rendered":"https:\/\/sports33.fr\/?p=3004"},"modified":"2025-09-05T15:50:56","modified_gmt":"2025-09-05T13:50:56","slug":"libourne-a-appris","status":"publish","type":"post","link":"https:\/\/sports33.fr\/?p=3004","title":{"rendered":"Libourne a appris"},"content":{"rendered":"<p>[et_pb_section fb_built=\u00a0\u00bb1&Prime; _builder_version=\u00a0\u00bb4.27.4&Prime; _module_preset=\u00a0\u00bbdefault\u00a0\u00bb global_colors_info=\u00a0\u00bb{}\u00a0\u00bb theme_builder_area=\u00a0\u00bbpost_content\u00a0\u00bb][et_pb_row _builder_version=\u00a0\u00bb4.27.4&Prime; _module_preset=\u00a0\u00bbdefault\u00a0\u00bb global_colors_info=\u00a0\u00bb{}\u00a0\u00bb theme_builder_area=\u00a0\u00bbpost_content\u00a0\u00bb][et_pb_column type=\u00a0\u00bb4_4&Prime; _builder_version=\u00a0\u00bb4.27.4&Prime; _module_preset=\u00a0\u00bbdefault\u00a0\u00bb global_colors_info=\u00a0\u00bb{}\u00a0\u00bb theme_builder_area=\u00a0\u00bbpost_content\u00a0\u00bb][et_pb_text _builder_version=\u00a0\u00bb4.27.4&Prime; _module_preset=\u00a0\u00bbdefault\u00a0\u00bb hover_enabled=\u00a0\u00bb0&Prime; global_colors_info=\u00a0\u00bb{}\u00a0\u00bb theme_builder_area=\u00a0\u00bbpost_content\u00a0\u00bb sticky_enabled=\u00a0\u00bb0&Prime;]<\/p>\n<p style=\"text-align: center;\"><b>LIBOURNE A APPRIS<\/b><\/p>\n<p><b>Les libournais entament leur deuxi\u00e8me saison de N1 avec l\u2019intention de se servir de l\u2019exp\u00e9rience acquise en 2024-2025 pour progresser.<\/b><\/p>\n<p>Ils entament la saison avec des certitudes. Plus en tout cas qu\u2019il y a un an \u00e0 la m\u00eame p\u00e9riode. A la fin de l\u2019\u00e9t\u00e9 2024 le Grand Libournais HB s\u2019appr\u00eatait \u00e0 d\u00e9couvrir le troisi\u00e8me niveau de son sport avec une \u00e9quation \u00e0 plusieurs inconnues.<\/p>\n<p>Douze mois plus tard et un championnat d\u2019abord inqui\u00e9tant puis franchement satisfaisant, l\u2019un des deux clubs de Gironde avec Bruges \u00e0 \u00e9voluer en N1, a acquis des certitudes comme le pense son coach Romain Cazemajou. \u00ab\u00a0On a appris de la saison derni\u00e8re. Lors de cette premi\u00e8re saison \u00e0 ce niveau, nous n\u2019avions connu le succ\u00e8s qu\u2019\u00e0 la septi\u00e8me journ\u00e9e. Encore une fois, le groupe a \u00e9norm\u00e9ment appris et on aborde ce championnat avec des arguments.\u00a0Il a gagn\u00e9 en s\u00e9r\u00e9nit\u00e9 gr\u00e2ce \u00e0 nos r\u00e9sultats de la deuxi\u00e8me partie de saison.\u00bb<\/p>\n<p>Un groupe qui avait finalement termin\u00e9 cinqui\u00e8me de sa poule, qui a enregistr\u00e9 cinq d\u00e9parts \u00e0 l\u2019intersaison. Dans le m\u00eame temps, il a accueilli quatre nouveaux \u00e9l\u00e9ments, tout en int\u00e9grant deux jeunes, un U18 et un r\u00e9serviste qui a gagn\u00e9 sa place, preuve que chacun a sa chance dans ce groupe.<span class=\"Apple-converted-space\">\u00a0<\/span><\/p>\n<p>Un effectif qui cherchera en premier lieu \u00ab\u00a0a assurer un bon maintien, pr\u00e9cise Romain Cazemajou. Le club cherche a monter un projet p\u00e9renne et serein. Mais nous allons jouer tous les matchs pour les gagner et pour poser des probl\u00e8mes \u00e0 nos adversaires. Il faudra tout donner pour montrer le meilleur de nous-m\u00eames.\u00a0\u00bb<\/p>\n<p>Des libournais qui, selon leur coach : \u00ab ne sont pas encore totalement pr\u00eats. Je dois faire avec quelques bless\u00e9s. Le groupe est encore un peu en difficult\u00e9 dans les rapports de force, notamment lors des matchs o\u00f9 on ne dominait pas. Il nous faut aussi \u00eatre plus rigoureux dans le secteur d\u00e9fensif.\u00a0\u00bb<\/p>\n<p>Des ajustements qui ont pu \u00eatre travaill\u00e9s lors des matchs amicaux face \u00e0 Bruges, Lormont, Bill\u00e8re et Andernos et lors du 1er tour de la coupe de France le week-end dernier \u00e0 Objat (23-40).<\/p>\n<p>Place maintenant au championnat d\u00e8s ce samedi avec la r\u00e9ception de Nantes<\/p>\n<p><b>Vincent Ferrandon<\/b><\/p>\n<p><b>Cr\u00e9dit photo : Grand Libournais HB<\/b><\/p>\n<p>[\/et_pb_text][\/et_pb_column][\/et_pb_row][\/et_pb_section]<\/p>\n","protected":false},"excerpt":{"rendered":"<p>LIBOURNE A APPRIS Les libournais entament leur deuxi\u00e8me saison de N1 avec l\u2019intention de se servir de l\u2019exp\u00e9rience acquise en 2024-2025 pour progresser. Ils entament la saison avec des certitudes. Plus en tout cas qu\u2019il y a un an \u00e0 la m\u00eame p\u00e9riode. A la fin de l\u2019\u00e9t\u00e9 2024 le Grand Libournais HB s\u2019appr\u00eatait \u00e0 [&hellip;]<\/p>\n","protected":false},"author":2,"featured_media":3005,"comment_status":"closed","ping_status":"closed","sticky":false,"template":"","format":"standard","meta":{"_et_pb_use_builder":"on","_et_pb_old_content":"","_et_gb_content_width":"1080","footnotes":""},"categories":[11],"tags":[],"class_list":["post-3004","post","type-post","status-publish","format-standard","has-post-thumbnail","hentry","category-handball"],"_links":{"self":[{"href":"https:\/\/sports33.fr\/index.php?rest_route=\/wp\/v2\/posts\/3004","targetHints":{"allow":["GET"]}}],"collection":[{"href":"https:\/\/sports33.fr\/index.php?rest_route=\/wp\/v2\/posts"}],"about":[{"href":"https:\/\/sports33.fr\/index.php?rest_route=\/wp\/v2\/types\/post"}],"author":[{"embeddable":true,"href":"https:\/\/sports33.fr\/index.php?rest_route=\/wp\/v2\/users\/2"}],"replies":[{"embeddable":true,"href":"https:\/\/sports33.fr\/index.php?rest_route=%2Fwp%2Fv2%2Fcomments&post=3004"}],"version-history":[{"count":2,"href":"https:\/\/sports33.fr\/index.php?rest_route=\/wp\/v2\/posts\/3004\/revisions"}],"predecessor-version":[{"id":3007,"href":"https:\/\/sports33.fr\/index.php?rest_route=\/wp\/v2\/posts\/3004\/revisions\/3007"}],"wp:featuredmedia":[{"embeddable":true,"href":"https:\/\/sports33.fr\/index.php?rest_route=\/wp\/v2\/media\/3005"}],"wp:attachment":[{"href":"https:\/\/sports33.fr\/index.php?rest_route=%2Fwp%2Fv2%2Fmedia&parent=3004"}],"wp:term":[{"taxonomy":"category","embeddable":true,"href":"https:\/\/sports33.fr\/index.php?rest_route=%2Fwp%2Fv2%2Fcategories&post=3004"},{"taxonomy":"post_tag","embeddable":true,"href":"https:\/\/sports33.fr\/index.php?rest_route=%2Fwp%2Fv2%2Ftags&post=3004"}],"curies":[{"name":"wp","href":"https:\/\/api.w.org\/{rel}","templated":true}]}}