{"id":3001,"date":"2025-09-04T17:08:00","date_gmt":"2025-09-04T15:08:00","guid":{"rendered":"https:\/\/sports33.fr\/?p=3001"},"modified":"2025-09-04T17:08:00","modified_gmt":"2025-09-04T15:08:00","slug":"las-tresses-peaufine-sa-condition","status":"publish","type":"post","link":"https:\/\/sports33.fr\/?p=3001","title":{"rendered":"L\u2019AS Tresses peaufine sa condition"},"content":{"rendered":"<p>[et_pb_section fb_built=\u00a0\u00bb1&Prime; _builder_version=\u00a0\u00bb4.27.4&Prime; _module_preset=\u00a0\u00bbdefault\u00a0\u00bb global_colors_info=\u00a0\u00bb{}\u00a0\u00bb theme_builder_area=\u00a0\u00bbpost_content\u00a0\u00bb][et_pb_row _builder_version=\u00a0\u00bb4.27.4&Prime; _module_preset=\u00a0\u00bbdefault\u00a0\u00bb global_colors_info=\u00a0\u00bb{}\u00a0\u00bb theme_builder_area=\u00a0\u00bbpost_content\u00a0\u00bb][et_pb_column type=\u00a0\u00bb4_4&Prime; _builder_version=\u00a0\u00bb4.27.4&Prime; _module_preset=\u00a0\u00bbdefault\u00a0\u00bb global_colors_info=\u00a0\u00bb{}\u00a0\u00bb theme_builder_area=\u00a0\u00bbpost_content\u00a0\u00bb][et_pb_text _builder_version=\u00a0\u00bb4.27.4&Prime; _module_preset=\u00a0\u00bbdefault\u00a0\u00bb hover_enabled=\u00a0\u00bb0&Prime; global_colors_info=\u00a0\u00bb{}\u00a0\u00bb theme_builder_area=\u00a0\u00bbpost_content\u00a0\u00bb sticky_enabled=\u00a0\u00bb0&Prime;]<\/p>\n<p style=\"text-align: center;\"><b>L\u2019AS TRESSES PEAUFINE SA CONDITION<\/b><\/p>\n<p><b>Le club de la Rive-droite organise un tournoi \u00e0 quatre ce week-end qui servira \u00e0 effectuer de nouveaux r\u00e9glages avant le d\u00e9but du championnat de NM3.<\/b><\/p>\n<p>Un bon galop d\u2019essai. Le tournoi de pr\u00e9-saison organis\u00e9 par l\u2019AS Tresses samedi et dimanche va fournir de bons enseignements \u00e0 une semaine de la reprise du championnat de N3. Tel est le sentiment de Jean -Yves Jannin, le coach tressois : \u00ab\u00a0Il ne faut pas nous mettre un surcroit de pression car nous organisons ce rendez-vous. C\u2019est un tournoi important pour le club mais n\u2019oublions pas que nous sommes encore en phase de pr\u00e9paration. C\u2019est une \u00e9tape pour nous. Il sera en revanche int\u00e9ressant de nous confronter \u00e0 de belles \u00e9quipes dont deux se retrouveront d\u2019ailleurs dans notre poule.\u00a0Je me r\u00e9jouis \u00e9galement de pouvoir disputer deux matchs de bons niveaux en deux jours.\u00bb<\/p>\n<p>Outre l\u2019AS Tresses, ce tournoi de pr\u00e9-saison r\u00e9unira Saint-M\u00e9dard (N3) et Panazol (N3) et Cenon (Pr\u00e9nationale), soit trois clubs de Gironde sur quatre participants.<\/p>\n<p>\u00ab\u00a0La pr\u00e9paration n\u2019est pas termin\u00e9e, pr\u00e9cise Jean-Yves Jannin qui connait son sport sur le bout des doigts. Trois entra\u00eenements sont encore programm\u00e9s d\u2019ici la reprise. Je sens que nous sommes de mieux en mieux. Ce n\u2019est pas encore parfait mais nous sommes sur la bonne trajectoire.\u00a0\u00bb<\/p>\n<p>De quoi surfer sur la tr\u00e8s bonne deuxi\u00e8me partie de saison derni\u00e8re qui avait vu les promus tressois d\u2019alors sauver leur peau en N3 sur la fin. Une dynamique que les Rouge vont chercher \u00e0 faire perdurer : \u00ab\u00a0L\u2019\u00e9quipe est jeune, a \u00e9t\u00e9 renforc\u00e9e par trois nouveaux joueurs mais nous allons aussi nous appuyer sur l&rsquo;exp\u00e9rience de la saison derni\u00e8re, assure l\u2019entra\u00eeneur de l\u2019AST. Je dispose d\u2019un bon groupe, sain, qui ont bien travaill\u00e9 au sein d\u2019un club sain.\u00a0\u00bb<\/p>\n<p>Un cocktail souvent gagnant.<\/p>\n<p><b>Vincent Ferrandon<\/b><\/p>\n<p><b>Cr\u00e9dit photo : J\u00e9r\u00f4me Passicos<\/b><\/p>\n<p>[\/et_pb_text][\/et_pb_column][\/et_pb_row][\/et_pb_section]<\/p>\n","protected":false},"excerpt":{"rendered":"<p>L\u2019AS TRESSES PEAUFINE SA CONDITION Le club de la Rive-droite organise un tournoi \u00e0 quatre ce week-end qui servira \u00e0 effectuer de nouveaux r\u00e9glages avant le d\u00e9but du championnat de NM3. Un bon galop d\u2019essai. Le tournoi de pr\u00e9-saison organis\u00e9 par l\u2019AS Tresses samedi et dimanche va fournir de bons enseignements \u00e0 une semaine de [&hellip;]<\/p>\n","protected":false},"author":2,"featured_media":2720,"comment_status":"closed","ping_status":"closed","sticky":false,"template":"","format":"standard","meta":{"_et_pb_use_builder":"on","_et_pb_old_content":"","_et_gb_content_width":"1080","footnotes":""},"categories":[14],"tags":[],"class_list":["post-3001","post","type-post","status-publish","format-standard","has-post-thumbnail","hentry","category-basket"],"_links":{"self":[{"href":"https:\/\/sports33.fr\/index.php?rest_route=\/wp\/v2\/posts\/3001","targetHints":{"allow":["GET"]}}],"collection":[{"href":"https:\/\/sports33.fr\/index.php?rest_route=\/wp\/v2\/posts"}],"about":[{"href":"https:\/\/sports33.fr\/index.php?rest_route=\/wp\/v2\/types\/post"}],"author":[{"embeddable":true,"href":"https:\/\/sports33.fr\/index.php?rest_route=\/wp\/v2\/users\/2"}],"replies":[{"embeddable":true,"href":"https:\/\/sports33.fr\/index.php?rest_route=%2Fwp%2Fv2%2Fcomments&post=3001"}],"version-history":[{"count":2,"href":"https:\/\/sports33.fr\/index.php?rest_route=\/wp\/v2\/posts\/3001\/revisions"}],"predecessor-version":[{"id":3003,"href":"https:\/\/sports33.fr\/index.php?rest_route=\/wp\/v2\/posts\/3001\/revisions\/3003"}],"wp:featuredmedia":[{"embeddable":true,"href":"https:\/\/sports33.fr\/index.php?rest_route=\/wp\/v2\/media\/2720"}],"wp:attachment":[{"href":"https:\/\/sports33.fr\/index.php?rest_route=%2Fwp%2Fv2%2Fmedia&parent=3001"}],"wp:term":[{"taxonomy":"category","embeddable":true,"href":"https:\/\/sports33.fr\/index.php?rest_route=%2Fwp%2Fv2%2Fcategories&post=3001"},{"taxonomy":"post_tag","embeddable":true,"href":"https:\/\/sports33.fr\/index.php?rest_route=%2Fwp%2Fv2%2Ftags&post=3001"}],"curies":[{"name":"wp","href":"https:\/\/api.w.org\/{rel}","templated":true}]}}