{"id":2997,"date":"2025-09-04T12:21:41","date_gmt":"2025-09-04T10:21:41","guid":{"rendered":"https:\/\/sports33.fr\/?p=2997"},"modified":"2025-09-04T12:21:41","modified_gmt":"2025-09-04T10:21:41","slug":"le-ca-lormont-se-tient-pret","status":"publish","type":"post","link":"https:\/\/sports33.fr\/?p=2997","title":{"rendered":"Le CA Lormont se tient pr\u00eat"},"content":{"rendered":"<p>[et_pb_section fb_built=\u00a0\u00bb1&Prime; _builder_version=\u00a0\u00bb4.27.4&Prime; _module_preset=\u00a0\u00bbdefault\u00a0\u00bb global_colors_info=\u00a0\u00bb{}\u00a0\u00bb theme_builder_area=\u00a0\u00bbpost_content\u00a0\u00bb][et_pb_row _builder_version=\u00a0\u00bb4.27.4&Prime; _module_preset=\u00a0\u00bbdefault\u00a0\u00bb global_colors_info=\u00a0\u00bb{}\u00a0\u00bb theme_builder_area=\u00a0\u00bbpost_content\u00a0\u00bb][et_pb_column type=\u00a0\u00bb4_4&Prime; _builder_version=\u00a0\u00bb4.27.4&Prime; _module_preset=\u00a0\u00bbdefault\u00a0\u00bb global_colors_info=\u00a0\u00bb{}\u00a0\u00bb theme_builder_area=\u00a0\u00bbpost_content\u00a0\u00bb][et_pb_text _builder_version=\u00a0\u00bb4.27.4&Prime; _module_preset=\u00a0\u00bbdefault\u00a0\u00bb hover_enabled=\u00a0\u00bb0&Prime; global_colors_info=\u00a0\u00bb{}\u00a0\u00bb theme_builder_area=\u00a0\u00bbpost_content\u00a0\u00bb sticky_enabled=\u00a0\u00bb0&Prime;]<\/p>\n<p style=\"text-align: center;\"><b>LE CA LORMONT SE TIENT PR\u00caT<\/b><\/p>\n<p><b>Le club de la Rive Droite aborde le championnat de F\u00e9d\u00e9rale 2 avec des convictions au terme d\u2019une bonne pr\u00e9paration.<\/b><\/p>\n<p>Le grand d\u00e9but de la saison approche. La F\u00e9d\u00e9rale 2 reprend le 14 septembre avec un premier derby de Gironde attendu entre M\u00e9rignac et Lormont.Une date qui n\u2019effraie pas des lormontais, plut\u00f4t concentr\u00e9s sur des \u00e9ch\u00e9ances \u00e0 plus longues port\u00e9es : \u00ab\u00a0Le calendrier que nous allons affronter s\u2019annonce cors\u00e9 d\u2019ici No\u00ebl, estime le manager Camille Teychen\u00e9. L\u2019\u00e9quipe va encha\u00eener les gros matchs avec une id\u00e9e en t\u00eate, celle de rester invaincus cette saison \u00e0 la maison. Il n\u2019est pas question de se focaliser sur ce match \u00e0 M\u00e9rignac. A ce propos, la r\u00e9ception de Casteljaloux pour le compte de la deuxi\u00e8me journ\u00e9e peut s\u2019av\u00e9rer une \u00e9tape importante pour la suite.\u00a0\u00bb<\/p>\n<p>Des lormontais qui ont pour cela pr\u00e9parer au petits oignons cette saison : \u00ab\u00a0Je suis plut\u00f4t satisfait de la tournure que cela prend, estime Camille Teychen\u00e9. M\u00eame si nous devons faire face \u00e0 deux-trois petits bobos physiques inh\u00e9rents \u00e0 chaque d\u00e9but de saison, nous devons nous montrer vigilants pour la suite, je suis content de notre recrutement, avec des joueurs qui ont connu des niveaux au dessus, ayant un bon \u00e9tat d\u2019esprit. Cela fait deux mois que l\u2019on bosse bien, nous avions fait le choix de reprendre tr\u00e8s t\u00f4t le chemin de l\u2019entra\u00eenement en fixant les premi\u00e8res s\u00e9ances en juillet. Je sens maintenant le groupe d\u00e9termin\u00e9 \u00e0 rentrer dans cette saison.\u00a0\u00bb<\/p>\n<p>Des signaux positifs en sport qui ont \u00e9t\u00e9 confirm\u00e9s par une bonne prestation face \u00e0 Gradignan (F3) lors du seul match amical disput\u00e9 lors de cette intersaison : \u00ab\u00a0On a vu des trucs qu\u2019on voulait voir, assure le manager Je sens que nous avons pass\u00e9 un cap dans l\u2019approche de la comp\u00e9tition. Les gars r\u00e9cup\u00e9r\u00e9s dans les divisions au dessus ont l\u2019habitude de se pr\u00e9parer, de prendre soin de leur corps. J\u2019ai maintenant envie que nous rentrions dans le vif du sujet, dans la comp\u00e9tition pour valider le contenu mis en place.\u00a0\u00bb<\/p>\n<p>Les r\u00e9ponses sont proches.<\/p>\n<p><b>Vincent Ferrandon<\/b><\/p>\n<p><b>Cr\u00e9dit photo : CA Lormont Rugby<\/b><\/p>\n<p>[\/et_pb_text][\/et_pb_column][\/et_pb_row][\/et_pb_section]<\/p>\n","protected":false},"excerpt":{"rendered":"<p>LE CA LORMONT SE TIENT PR\u00caT Le club de la Rive Droite aborde le championnat de F\u00e9d\u00e9rale 2 avec des convictions au terme d\u2019une bonne pr\u00e9paration. Le grand d\u00e9but de la saison approche. La F\u00e9d\u00e9rale 2 reprend le 14 septembre avec un premier derby de Gironde attendu entre M\u00e9rignac et Lormont.Une date qui n\u2019effraie pas [&hellip;]<\/p>\n","protected":false},"author":2,"featured_media":2998,"comment_status":"closed","ping_status":"closed","sticky":false,"template":"","format":"standard","meta":{"_et_pb_use_builder":"on","_et_pb_old_content":"","_et_gb_content_width":"1080","footnotes":""},"categories":[10],"tags":[],"class_list":["post-2997","post","type-post","status-publish","format-standard","has-post-thumbnail","hentry","category-rugby"],"_links":{"self":[{"href":"https:\/\/sports33.fr\/index.php?rest_route=\/wp\/v2\/posts\/2997","targetHints":{"allow":["GET"]}}],"collection":[{"href":"https:\/\/sports33.fr\/index.php?rest_route=\/wp\/v2\/posts"}],"about":[{"href":"https:\/\/sports33.fr\/index.php?rest_route=\/wp\/v2\/types\/post"}],"author":[{"embeddable":true,"href":"https:\/\/sports33.fr\/index.php?rest_route=\/wp\/v2\/users\/2"}],"replies":[{"embeddable":true,"href":"https:\/\/sports33.fr\/index.php?rest_route=%2Fwp%2Fv2%2Fcomments&post=2997"}],"version-history":[{"count":2,"href":"https:\/\/sports33.fr\/index.php?rest_route=\/wp\/v2\/posts\/2997\/revisions"}],"predecessor-version":[{"id":3000,"href":"https:\/\/sports33.fr\/index.php?rest_route=\/wp\/v2\/posts\/2997\/revisions\/3000"}],"wp:featuredmedia":[{"embeddable":true,"href":"https:\/\/sports33.fr\/index.php?rest_route=\/wp\/v2\/media\/2998"}],"wp:attachment":[{"href":"https:\/\/sports33.fr\/index.php?rest_route=%2Fwp%2Fv2%2Fmedia&parent=2997"}],"wp:term":[{"taxonomy":"category","embeddable":true,"href":"https:\/\/sports33.fr\/index.php?rest_route=%2Fwp%2Fv2%2Fcategories&post=2997"},{"taxonomy":"post_tag","embeddable":true,"href":"https:\/\/sports33.fr\/index.php?rest_route=%2Fwp%2Fv2%2Ftags&post=2997"}],"curies":[{"name":"wp","href":"https:\/\/api.w.org\/{rel}","templated":true}]}}