{"id":2991,"date":"2025-09-03T19:53:32","date_gmt":"2025-09-03T17:53:32","guid":{"rendered":"https:\/\/sports33.fr\/?p=2991"},"modified":"2025-10-05T14:56:37","modified_gmt":"2025-10-05T12:56:37","slug":"la-fin-dune-belle-aventure","status":"publish","type":"post","link":"https:\/\/sports33.fr\/?p=2991","title":{"rendered":"La fin d\u2019un beau voyage"},"content":{"rendered":"<p>[et_pb_section fb_built=\u00a0\u00bb1&Prime; _builder_version=\u00a0\u00bb4.27.4&Prime; _module_preset=\u00a0\u00bbdefault\u00a0\u00bb global_colors_info=\u00a0\u00bb{}\u00a0\u00bb theme_builder_area=\u00a0\u00bbpost_content\u00a0\u00bb][et_pb_row _builder_version=\u00a0\u00bb4.27.4&Prime; _module_preset=\u00a0\u00bbdefault\u00a0\u00bb global_colors_info=\u00a0\u00bb{}\u00a0\u00bb theme_builder_area=\u00a0\u00bbpost_content\u00a0\u00bb][et_pb_column type=\u00a0\u00bb4_4&Prime; _builder_version=\u00a0\u00bb4.27.4&Prime; _module_preset=\u00a0\u00bbdefault\u00a0\u00bb global_colors_info=\u00a0\u00bb{}\u00a0\u00bb theme_builder_area=\u00a0\u00bbpost_content\u00a0\u00bb][et_pb_text _builder_version=\u00a0\u00bb4.27.4&Prime; _module_preset=\u00a0\u00bbdefault\u00a0\u00bb hover_enabled=\u00a0\u00bb0&Prime; global_colors_info=\u00a0\u00bb{}\u00a0\u00bb theme_builder_area=\u00a0\u00bbpost_content\u00a0\u00bb sticky_enabled=\u00a0\u00bb0&Prime;]<\/p>\n<p style=\"text-align: center;\"><b>LA FIN D\u2019UN BEAU VOYAGE<\/b><\/p>\n<p><b>Pass\u00e9e deux saisons par les Girondines, Sol\u00e8ne Barbance a mis un point final \u00e0 sa carri\u00e8re en mai dernier.<\/b><\/p>\n<p>Voil\u00e0, c\u2019est fini. Mais quel final. Sol\u00e8ne Barbance, l\u2019ancienne milieu de terrain des Girondins de Bordeaux, a achev\u00e9 sa carri\u00e8re en mai de la plus belle des fa\u00e7ons, en marquant \u00e0 la 90e+3 minute de l\u2019ultime match de la saison, le but qui sauvait son club Rodez de la rel\u00e9gation en D3. \u00ab\u00a0Je ne pouvais pas r\u00eaver mieux\u00a0\u00bb lance l\u2019aveyronnaise \u00e0 l\u2019accent chantant<\/p>\n<p>Un final en apoth\u00e9ose pour cette joueuse attachante de 34 ans qui a pass\u00e9 deux ans, de 2017 \u00e0 2019, sous les couleurs bordelaises et qui a d\u00e9cid\u00e9 en fin de saison derni\u00e8re de mettre un terme \u00e0 une longue et belle carri\u00e8re : \u00ab\u00a0C\u2019est une d\u00e9cision m\u00fbrement r\u00e9fl\u00e9chie. J\u2019ai senti progressivement la saison derni\u00e8re que c\u2019\u00e9tait le moment. Mais j\u2019avais l\u2019envie de laisser mon club en D2, ce qui a \u00e9t\u00e9 fait. Je ne regrette pas ma d\u00e9cision. Pour la premi\u00e8re fois cet \u00e9t\u00e9, j\u2019ai pu pleinement profiter de mes vacances estivales et de ma famille.\u00a0\u00bb<\/p>\n<p>La fin d\u2019une belle aventure pour Sol\u00e8ne qui a d\u00e9but\u00e9 sa carri\u00e8re chez elle \u00e0 Rodez avant d\u2019entreprendre un beau voyage du c\u00f4t\u00e9 du Paris SG, de Toulouse, de l\u2019Irlande \u00e0 Peamount, de nouveau Toulouse et Rodez avant de rejoindre Bordeaux, Dijon et Rodez pour boucler la boucle ces trois derni\u00e8res saisons. Une carri\u00e8re pleine pour la milieu de terrain, agr\u00e9ment\u00e9e d\u2019un titre de championne du monde avec l\u2019\u00e9quipe de France militaire en 2016.<span class=\"Apple-converted-space\">\u00a0<\/span><\/p>\n<p>Infatigable, professionnelle, tourn\u00e9e vers le collectif, la native de Rodez a laiss\u00e9 une grosse empreinte partout o\u00f9 elle est pass\u00e9e. Bordeaux n\u2019a pas d\u00e9rog\u00e9 \u00e0 la r\u00e8gle au moment o\u00f9 les Girondines montaient en puissance et s\u2019appr\u00eataient \u00e0 surfer vers les sommets du championnat de D1. Un passage en Gironde marquant aussi pour la principale int\u00e9ress\u00e9e : \u00ab\u00a0J\u2019ai connu le vrai professionnalisme \u00e0 Bordeaux. Les Girondins, c\u2019\u00e9tait la classe. J\u2019ai \u00e9t\u00e9 marqu\u00e9e par ces deux saisons pass\u00e9es au Haillan. Tout \u00e9tait magnifique, majestueux, nous avions en plus une \u00e9quipe qui montait en puissance, le club \u00e9tait hyper pro. Je me souviens aussi d\u2019une tourn\u00e9e inoubliable aux Etats-Unis avec l\u2019\u00e9quipe. \u00c7a me fait de la peine de voir o\u00f9 en est d\u00e9sormais l\u2019\u00e9quipe qui vient de remonter en D3. Nous avons eu une ascension fulgurante et l\u2019\u00e9quipe a connu une chute encore plus brutale. C\u2019est dur.\u00a0\u00bb<\/p>\n<p>Si Sol\u00e8ne Barbance n\u2019envisage pas de rester dans le milieu du football, la d\u00e9sormais ex-footballeuse ne quitte pour autant pas le sport. Brillamment re\u00e7ue, elle a d\u00e9but\u00e9 voici trois ans sa nouvelle vie de professeur d\u2019EPS. Titularis\u00e9e chez elle en Aveyron depuis cette rentr\u00e9e, Sol\u00e8ne va mener cette nouvelle aventure comme elle a men\u00e9 sa carri\u00e8re, avec force, conviction et talent.<\/p>\n<p><b>Vincent Ferrandon<\/b><\/p>\n<p><b>Cr\u00e9dit photo : Sol\u00e8ne Barbance<\/b><\/p>\n<p><b>L\u00e9gende : Sol\u00e8ne Barbance (\u00e0 gauche) honor\u00e9e pour le dernier match de sa carri\u00e8re.<\/b><\/p>\n<p>[\/et_pb_text][\/et_pb_column][\/et_pb_row][\/et_pb_section]<\/p>\n","protected":false},"excerpt":{"rendered":"<p>LA FIN D\u2019UN BEAU VOYAGE Pass\u00e9e deux saisons par les Girondines, Sol\u00e8ne Barbance a mis un point final \u00e0 sa carri\u00e8re en mai dernier. Voil\u00e0, c\u2019est fini. Mais quel final. Sol\u00e8ne Barbance, l\u2019ancienne milieu de terrain des Girondins de Bordeaux, a achev\u00e9 sa carri\u00e8re en mai de la plus belle des fa\u00e7ons, en marquant \u00e0 [&hellip;]<\/p>\n","protected":false},"author":2,"featured_media":2992,"comment_status":"closed","ping_status":"closed","sticky":false,"template":"","format":"standard","meta":{"_et_pb_use_builder":"on","_et_pb_old_content":"","_et_gb_content_width":"1080","footnotes":""},"categories":[9,15],"tags":[],"class_list":["post-2991","post","type-post","status-publish","format-standard","has-post-thumbnail","hentry","category-football","category-portrait"],"_links":{"self":[{"href":"https:\/\/sports33.fr\/index.php?rest_route=\/wp\/v2\/posts\/2991","targetHints":{"allow":["GET"]}}],"collection":[{"href":"https:\/\/sports33.fr\/index.php?rest_route=\/wp\/v2\/posts"}],"about":[{"href":"https:\/\/sports33.fr\/index.php?rest_route=\/wp\/v2\/types\/post"}],"author":[{"embeddable":true,"href":"https:\/\/sports33.fr\/index.php?rest_route=\/wp\/v2\/users\/2"}],"replies":[{"embeddable":true,"href":"https:\/\/sports33.fr\/index.php?rest_route=%2Fwp%2Fv2%2Fcomments&post=2991"}],"version-history":[{"count":4,"href":"https:\/\/sports33.fr\/index.php?rest_route=\/wp\/v2\/posts\/2991\/revisions"}],"predecessor-version":[{"id":2996,"href":"https:\/\/sports33.fr\/index.php?rest_route=\/wp\/v2\/posts\/2991\/revisions\/2996"}],"wp:featuredmedia":[{"embeddable":true,"href":"https:\/\/sports33.fr\/index.php?rest_route=\/wp\/v2\/media\/2992"}],"wp:attachment":[{"href":"https:\/\/sports33.fr\/index.php?rest_route=%2Fwp%2Fv2%2Fmedia&parent=2991"}],"wp:term":[{"taxonomy":"category","embeddable":true,"href":"https:\/\/sports33.fr\/index.php?rest_route=%2Fwp%2Fv2%2Fcategories&post=2991"},{"taxonomy":"post_tag","embeddable":true,"href":"https:\/\/sports33.fr\/index.php?rest_route=%2Fwp%2Fv2%2Ftags&post=2991"}],"curies":[{"name":"wp","href":"https:\/\/api.w.org\/{rel}","templated":true}]}}