{"id":2315,"date":"2025-06-07T20:48:03","date_gmt":"2025-06-07T18:48:03","guid":{"rendered":"https:\/\/sports33.fr\/?p=2315"},"modified":"2025-06-07T20:48:03","modified_gmt":"2025-06-07T18:48:03","slug":"sports33-fr-a-la-radio","status":"publish","type":"post","link":"https:\/\/sports33.fr\/?p=2315","title":{"rendered":"sports33.fr \u00e0 la radio"},"content":{"rendered":"<p>[et_pb_section fb_built=\u00a0\u00bb1&Prime; _builder_version=\u00a0\u00bb4.27.4&Prime; _module_preset=\u00a0\u00bbdefault\u00a0\u00bb global_colors_info=\u00a0\u00bb{}\u00a0\u00bb theme_builder_area=\u00a0\u00bbpost_content\u00a0\u00bb][et_pb_row _builder_version=\u00a0\u00bb4.27.4&Prime; _module_preset=\u00a0\u00bbdefault\u00a0\u00bb global_colors_info=\u00a0\u00bb{}\u00a0\u00bb theme_builder_area=\u00a0\u00bbpost_content\u00a0\u00bb][et_pb_column type=\u00a0\u00bb4_4&Prime; _builder_version=\u00a0\u00bb4.27.4&Prime; _module_preset=\u00a0\u00bbdefault\u00a0\u00bb global_colors_info=\u00a0\u00bb{}\u00a0\u00bb theme_builder_area=\u00a0\u00bbpost_content\u00a0\u00bb][et_pb_text _builder_version=\u00a0\u00bb4.27.4&Prime; _module_preset=\u00a0\u00bbdefault\u00a0\u00bb hover_enabled=\u00a0\u00bb0&Prime; global_colors_info=\u00a0\u00bb{}\u00a0\u00bb theme_builder_area=\u00a0\u00bbpost_content\u00a0\u00bb sticky_enabled=\u00a0\u00bb0&Prime;]<\/p>\n<p style=\"text-align: center;\"><b>SPORTS33.FR \u00c0 LA RADIO<\/b><\/p>\n<p><b>Le site a pu se pr\u00e9senter dans l\u2019\u00e9mission Passionn\u00e9ment Foot sur RIG diffus\u00e9e lundi dernier.<\/b><\/p>\n<p><span><a href=\"http:\/\/sports33.fr\">sports33.fr<\/a><\/span> tient \u00e0 remercier Philippe Osuna pour la mise en valeur du site dans son \u00e9mission Passionn\u00e9ment foot du 2 juin dernier. Au cours de cet entretien de plusieurs minutes, l\u2019antenne a \u00e9t\u00e9 ouverte \u00e0 <a href=\"http:\/\/sports33.fr\"><span>sports33.fr<\/span><\/a>. L\u2019occasion de pr\u00e9senter la raison d\u2019\u00eatre du site, ses missions et dresser un premier bilan depuis la cr\u00e9ation.<\/p>\n<p>Une belle mise en valeur au cours de la derni\u00e8re \u00e9mission de la saison de Passionn\u00e9ment Foot, orchestr\u00e9e par Philippe Osuna et Matys Doucet, tous les lundis de 19h \u00e0 20h30 sur RIG, la radio bas\u00e9e \u00e0 Blanquefort \u00e0 retrouver sur 90.7.<\/p>\n<p>Au cours de cette heure et demie, Philippe et Matys passent en revue toute l\u2019actualit\u00e9 foot locale de Gironde avec en point d\u2019orgue, chaque semaine, la pr\u00e9sentation int\u00e9grale d\u2019un club. Une \u00e9mission de sport sur le football enrichissante que les auditeurs pourront retrouver d\u00e8s la rentr\u00e9e.<\/p>\n<p><b>Vincent Ferrandon<\/b><\/p>\n<p><b>Cr\u00e9dit photo : RIG 90.7<\/b><\/p>\n<p>[\/et_pb_text][\/et_pb_column][\/et_pb_row][\/et_pb_section]<\/p>\n","protected":false},"excerpt":{"rendered":"<p>SPORTS33.FR \u00c0 LA RADIO Le site a pu se pr\u00e9senter dans l\u2019\u00e9mission Passionn\u00e9ment Foot sur RIG diffus\u00e9e lundi dernier. sports33.fr tient \u00e0 remercier Philippe Osuna pour la mise en valeur du site dans son \u00e9mission Passionn\u00e9ment foot du 2 juin dernier. Au cours de cet entretien de plusieurs minutes, l\u2019antenne a \u00e9t\u00e9 ouverte \u00e0 sports33.fr. [&hellip;]<\/p>\n","protected":false},"author":2,"featured_media":2316,"comment_status":"closed","ping_status":"closed","sticky":false,"template":"","format":"standard","meta":{"_et_pb_use_builder":"on","_et_pb_old_content":"","_et_gb_content_width":"1080","footnotes":""},"categories":[9],"tags":[],"class_list":["post-2315","post","type-post","status-publish","format-standard","has-post-thumbnail","hentry","category-football"],"_links":{"self":[{"href":"https:\/\/sports33.fr\/index.php?rest_route=\/wp\/v2\/posts\/2315","targetHints":{"allow":["GET"]}}],"collection":[{"href":"https:\/\/sports33.fr\/index.php?rest_route=\/wp\/v2\/posts"}],"about":[{"href":"https:\/\/sports33.fr\/index.php?rest_route=\/wp\/v2\/types\/post"}],"author":[{"embeddable":true,"href":"https:\/\/sports33.fr\/index.php?rest_route=\/wp\/v2\/users\/2"}],"replies":[{"embeddable":true,"href":"https:\/\/sports33.fr\/index.php?rest_route=%2Fwp%2Fv2%2Fcomments&post=2315"}],"version-history":[{"count":2,"href":"https:\/\/sports33.fr\/index.php?rest_route=\/wp\/v2\/posts\/2315\/revisions"}],"predecessor-version":[{"id":2319,"href":"https:\/\/sports33.fr\/index.php?rest_route=\/wp\/v2\/posts\/2315\/revisions\/2319"}],"wp:featuredmedia":[{"embeddable":true,"href":"https:\/\/sports33.fr\/index.php?rest_route=\/wp\/v2\/media\/2316"}],"wp:attachment":[{"href":"https:\/\/sports33.fr\/index.php?rest_route=%2Fwp%2Fv2%2Fmedia&parent=2315"}],"wp:term":[{"taxonomy":"category","embeddable":true,"href":"https:\/\/sports33.fr\/index.php?rest_route=%2Fwp%2Fv2%2Fcategories&post=2315"},{"taxonomy":"post_tag","embeddable":true,"href":"https:\/\/sports33.fr\/index.php?rest_route=%2Fwp%2Fv2%2Ftags&post=2315"}],"curies":[{"name":"wp","href":"https:\/\/api.w.org\/{rel}","templated":true}]}}