{"id":2286,"date":"2025-06-03T09:03:06","date_gmt":"2025-06-03T07:03:06","guid":{"rendered":"https:\/\/sports33.fr\/?p=2286"},"modified":"2025-06-03T09:03:06","modified_gmt":"2025-06-03T07:03:06","slug":"les-illacais-se-sont-arretes-en-quarts","status":"publish","type":"post","link":"https:\/\/sports33.fr\/?p=2286","title":{"rendered":"Les illacais se sont arr\u00eat\u00e9s en quarts"},"content":{"rendered":"<p>[et_pb_section fb_built=\u00a0\u00bb1&Prime; _builder_version=\u00a0\u00bb4.27.4&Prime; _module_preset=\u00a0\u00bbdefault\u00a0\u00bb global_colors_info=\u00a0\u00bb{}\u00a0\u00bb theme_builder_area=\u00a0\u00bbpost_content\u00a0\u00bb][et_pb_row _builder_version=\u00a0\u00bb4.27.4&Prime; _module_preset=\u00a0\u00bbdefault\u00a0\u00bb global_colors_info=\u00a0\u00bb{}\u00a0\u00bb theme_builder_area=\u00a0\u00bbpost_content\u00a0\u00bb][et_pb_column type=\u00a0\u00bb4_4&Prime; _builder_version=\u00a0\u00bb4.27.4&Prime; _module_preset=\u00a0\u00bbdefault\u00a0\u00bb global_colors_info=\u00a0\u00bb{}\u00a0\u00bb theme_builder_area=\u00a0\u00bbpost_content\u00a0\u00bb][et_pb_text _builder_version=\u00a0\u00bb4.27.4&Prime; _module_preset=\u00a0\u00bbdefault\u00a0\u00bb hover_enabled=\u00a0\u00bb0&Prime; global_colors_info=\u00a0\u00bb{}\u00a0\u00bb theme_builder_area=\u00a0\u00bbpost_content\u00a0\u00bb sticky_enabled=\u00a0\u00bb0&Prime;]<\/p>\n<p style=\"text-align: center;\"><b>LES ILLACAIS SE SONT ARR\u00caT\u00c9S EN QUARTS<\/b><\/p>\n<p><b>L\u2019ASI a termin\u00e9 huiti\u00e8me de la coupe de France M21 avec un parcours compliqu\u00e9 par le tirage au sort.<\/b><\/p>\n<p>La saison 2024-2025 s\u2019est \u00e9tir\u00e9e encore un peu pour les jeunes pousses de l\u2019ASI. Deux semaines apr\u00e8s la d\u00e9ception v\u00e9cue lors des phases finales de la cat\u00e9gorie M21 qui avait vu les joueurs de Gironde repartir de Vichy avec seulement une onzi\u00e8me place dans la valise, les illacais ont termin\u00e9 huiti\u00e8mes de la phase finale de la coupe de France M21 organis\u00e9e ce week-end \u00e0 Toulouse.<span class=\"Apple-converted-space\">\u00a0<\/span><\/p>\n<p>Une position qui suscite des sentiments contrast\u00e9s pour Romain Sellier, le coach des Soldats de la Ruche : \u00ab\u00a0Je suis d\u00e9\u00e7u que l\u2019on finisse sur cette huiti\u00e8me place. Mais nous avons aussi \u00e9t\u00e9 handicap\u00e9s par le tirage au sort qui n\u2019a pas \u00e9t\u00e9 favorable. Nous aurions peut \u00eatre pu faire mieux en affrontant des \u00e9quipes plus jouables.\u00a0\u00bb<\/p>\n<p>Car apr\u00e8s une victoire initiale face \u00e0 Aix, les illacais ont disput\u00e9 un match h\u00e9ro\u00efque face au PUC. Mais les parisiens futurs vainqueurs du troph\u00e9e, ont su avoir les nerfs solides pour s\u2019imposer au tie-break 15-13.<span class=\"Apple-converted-space\">\u00a0<\/span><\/p>\n<p>Quarts de finaliste, les joueurs de l\u2019ASI sont alors tomb\u00e9s face \u00e0 Tours, qui allait poursuivre son parcours jusqu\u2019en finale et donc barrer la route des demies aux girondins.<span class=\"Apple-converted-space\">\u00a0<\/span><\/p>\n<p>Une \u00e9quipe M21 de Saint Jean d\u2019Illac qui aura fait honneur \u00e0 son sport et qui peut quand m\u00eame se targuer d\u2019une saison r\u00e9guli\u00e8re parfaite en championnat avec une premi\u00e8re position occup\u00e9e \u00e0 l\u2019issue de la phase r\u00e9guli\u00e8re. Place maintenant aux vacances avant la reprise de la saison prochaine d\u2019ici quelques semaines.<\/p>\n<p><b>Vincent Ferrandon<\/b><\/p>\n<p>[\/et_pb_text][\/et_pb_column][\/et_pb_row][\/et_pb_section]<\/p>\n","protected":false},"excerpt":{"rendered":"<p>LES ILLACAIS SE SONT ARR\u00caT\u00c9S EN QUARTS L\u2019ASI a termin\u00e9 huiti\u00e8me de la coupe de France M21 avec un parcours compliqu\u00e9 par le tirage au sort. La saison 2024-2025 s\u2019est \u00e9tir\u00e9e encore un peu pour les jeunes pousses de l\u2019ASI. Deux semaines apr\u00e8s la d\u00e9ception v\u00e9cue lors des phases finales de la cat\u00e9gorie M21 qui [&hellip;]<\/p>\n","protected":false},"author":2,"featured_media":2287,"comment_status":"closed","ping_status":"closed","sticky":false,"template":"","format":"standard","meta":{"_et_pb_use_builder":"on","_et_pb_old_content":"","_et_gb_content_width":"1080","footnotes":""},"categories":[12],"tags":[],"class_list":["post-2286","post","type-post","status-publish","format-standard","has-post-thumbnail","hentry","category-volley"],"_links":{"self":[{"href":"https:\/\/sports33.fr\/index.php?rest_route=\/wp\/v2\/posts\/2286","targetHints":{"allow":["GET"]}}],"collection":[{"href":"https:\/\/sports33.fr\/index.php?rest_route=\/wp\/v2\/posts"}],"about":[{"href":"https:\/\/sports33.fr\/index.php?rest_route=\/wp\/v2\/types\/post"}],"author":[{"embeddable":true,"href":"https:\/\/sports33.fr\/index.php?rest_route=\/wp\/v2\/users\/2"}],"replies":[{"embeddable":true,"href":"https:\/\/sports33.fr\/index.php?rest_route=%2Fwp%2Fv2%2Fcomments&post=2286"}],"version-history":[{"count":2,"href":"https:\/\/sports33.fr\/index.php?rest_route=\/wp\/v2\/posts\/2286\/revisions"}],"predecessor-version":[{"id":2289,"href":"https:\/\/sports33.fr\/index.php?rest_route=\/wp\/v2\/posts\/2286\/revisions\/2289"}],"wp:featuredmedia":[{"embeddable":true,"href":"https:\/\/sports33.fr\/index.php?rest_route=\/wp\/v2\/media\/2287"}],"wp:attachment":[{"href":"https:\/\/sports33.fr\/index.php?rest_route=%2Fwp%2Fv2%2Fmedia&parent=2286"}],"wp:term":[{"taxonomy":"category","embeddable":true,"href":"https:\/\/sports33.fr\/index.php?rest_route=%2Fwp%2Fv2%2Fcategories&post=2286"},{"taxonomy":"post_tag","embeddable":true,"href":"https:\/\/sports33.fr\/index.php?rest_route=%2Fwp%2Fv2%2Ftags&post=2286"}],"curies":[{"name":"wp","href":"https:\/\/api.w.org\/{rel}","templated":true}]}}