{"id":2278,"date":"2025-06-02T07:18:10","date_gmt":"2025-06-02T05:18:10","guid":{"rendered":"https:\/\/sports33.fr\/?p=2278"},"modified":"2025-06-02T07:18:10","modified_gmt":"2025-06-02T05:18:10","slug":"le-taillan-cree-la-surprise","status":"publish","type":"post","link":"https:\/\/sports33.fr\/?p=2278","title":{"rendered":"Le Taillan cr\u00e9e la surprise"},"content":{"rendered":"<p>[et_pb_section fb_built=\u00a0\u00bb1&Prime; _builder_version=\u00a0\u00bb4.27.4&Prime; _module_preset=\u00a0\u00bbdefault\u00a0\u00bb global_colors_info=\u00a0\u00bb{}\u00a0\u00bb theme_builder_area=\u00a0\u00bbpost_content\u00a0\u00bb][et_pb_row _builder_version=\u00a0\u00bb4.27.4&Prime; _module_preset=\u00a0\u00bbdefault\u00a0\u00bb global_colors_info=\u00a0\u00bb{}\u00a0\u00bb theme_builder_area=\u00a0\u00bbpost_content\u00a0\u00bb][et_pb_column type=\u00a0\u00bb4_4&Prime; _builder_version=\u00a0\u00bb4.27.4&Prime; _module_preset=\u00a0\u00bbdefault\u00a0\u00bb global_colors_info=\u00a0\u00bb{}\u00a0\u00bb theme_builder_area=\u00a0\u00bbpost_content\u00a0\u00bb][et_pb_text _builder_version=\u00a0\u00bb4.27.4&Prime; _module_preset=\u00a0\u00bbdefault\u00a0\u00bb hover_enabled=\u00a0\u00bb0&Prime; global_colors_info=\u00a0\u00bb{}\u00a0\u00bb theme_builder_area=\u00a0\u00bbpost_content\u00a0\u00bb sticky_enabled=\u00a0\u00bb0&Prime;]<\/p>\n<p style=\"text-align: center;\"><b>LE TAILLAN CR\u00c9E LA SURPRISE<\/b><\/p>\n<p><b>Les taillanais ont remport\u00e9 la coupe de Gironde 2025 en disposant de La Br\u00e8de, pourtant hi\u00e9rarchiquement sup\u00e9rieure.<\/b><\/p>\n<p><b>La Br\u00e8de-Le Taillan 1-2<\/b><\/p>\n<p>Feuille de match compl\u00e8te en fin d\u2019article<\/p>\n<p>Un beau lot de consolation. Apr\u00e8s avoir \u00e9chou\u00e9 dans la course \u00e0 la mont\u00e9e en R2 lors de la derni\u00e8re journ\u00e9e de championnat, Le Taillan s\u2019est offert une coupe de Gironde.<span class=\"Apple-converted-space\">\u00a0<\/span><\/p>\n<p>Un troph\u00e9e qui vient aussi r\u00e9compenser le tr\u00e8s bon travail de ce groupe et du staff durant toute cette saison. Le jeune groupe, \u00e0 l\u2019effectif de moins de 20 ans pour la moiti\u00e9 d\u2019entre eux, est habitu\u00e9 des coupes. Les hommes de Franck Baros ont ainsi v\u00e9cu cette saison une aventure en coupe de France les menant jusqu\u2019au 6e tour.<\/p>\n<p>Une exp\u00e9rience non n\u00e9gligeable \u00e0 l\u2019heure d\u2019affronter La Br\u00e8de (R2) pour ce dernier match de la saison. Des br\u00e9dois qui esp\u00e9raient aussi remporter un troph\u00e9e qu\u2019ils n\u2019ont jamais gagn\u00e9. Mais en sport, il n\u2019existe pas de v\u00e9rit\u00e9 et la hi\u00e9rarchie fut bouscul\u00e9e peu avant la pause sur un but de Gaspard (42e)<\/p>\n<p>Des taillanais qui enfoncent le clou au retour sur les terrains avec un break sign\u00e9 Laborde (55e) De quoi piquer au vif des br\u00e9dois qui relancent cette finale gr\u00e2ce \u00e0 un but de Elisseix (83e).<\/p>\n<p><span class=\"Apple-converted-space\">\u00a0<\/span>Un retour insuffisant face \u00e0 des Taillanais qui succ\u00e8dent \u00e0 la r\u00e9serve d\u2019Arlac, vainqueur de Bassens l\u2019an pass\u00e9.<\/p>\n<p><b>Vincent Ferrandon<\/b><\/p>\n<p><b>La Br\u00e8de-Le Taillan 1-2<\/b><\/p>\n<p>Mi-temps : 0-1<\/p>\n<p>Arbitre : M.Li\u00e9geon<\/p>\n<p>Buts : Elisseix (83e) pour La Br\u00e8de, Gaspard (42e), Laborde (55e) pour Le Taillan<\/p>\n<p>Avertissements : Bouzakri (41e) pour La Br\u00e8de, Chauveau (26e), Leugueu Nkenda (37e), Bussac (67e), Laborde (87e)<\/p>\n<p>LA BR\u00c8DE : Descamps &#8211; N\u2019Diaye, Ngounou, Vinet (Charrier, 64e), Marc &#8211; Labrousse (Texier, 64e), Houtin, Raymond, Elisseix &#8211; Crouseilles (Franceschi, 52e), Bouzakri<\/p>\n<p>LE TAILLAN : Mousset &#8211; Boyer, Bonneu, Leugueun Nkenda, Chauveau &#8211; Laborde (Mendy, 90e), Fourcade, Bussac, Lauvernier (Martin Alves, 57e) &#8211; Gaspard (Goutteux,70e), Bernard<\/p>\n<p>[\/et_pb_text][\/et_pb_column][\/et_pb_row][\/et_pb_section]<\/p>\n","protected":false},"excerpt":{"rendered":"<p>LE TAILLAN CR\u00c9E LA SURPRISE Les taillanais ont remport\u00e9 la coupe de Gironde 2025 en disposant de La Br\u00e8de, pourtant hi\u00e9rarchiquement sup\u00e9rieure. La Br\u00e8de-Le Taillan 1-2 Feuille de match compl\u00e8te en fin d\u2019article Un beau lot de consolation. Apr\u00e8s avoir \u00e9chou\u00e9 dans la course \u00e0 la mont\u00e9e en R2 lors de la derni\u00e8re journ\u00e9e de [&hellip;]<\/p>\n","protected":false},"author":2,"featured_media":2279,"comment_status":"closed","ping_status":"closed","sticky":false,"template":"","format":"standard","meta":{"_et_pb_use_builder":"on","_et_pb_old_content":"","_et_gb_content_width":"1080","footnotes":""},"categories":[9],"tags":[],"class_list":["post-2278","post","type-post","status-publish","format-standard","has-post-thumbnail","hentry","category-football"],"_links":{"self":[{"href":"https:\/\/sports33.fr\/index.php?rest_route=\/wp\/v2\/posts\/2278","targetHints":{"allow":["GET"]}}],"collection":[{"href":"https:\/\/sports33.fr\/index.php?rest_route=\/wp\/v2\/posts"}],"about":[{"href":"https:\/\/sports33.fr\/index.php?rest_route=\/wp\/v2\/types\/post"}],"author":[{"embeddable":true,"href":"https:\/\/sports33.fr\/index.php?rest_route=\/wp\/v2\/users\/2"}],"replies":[{"embeddable":true,"href":"https:\/\/sports33.fr\/index.php?rest_route=%2Fwp%2Fv2%2Fcomments&post=2278"}],"version-history":[{"count":2,"href":"https:\/\/sports33.fr\/index.php?rest_route=\/wp\/v2\/posts\/2278\/revisions"}],"predecessor-version":[{"id":2281,"href":"https:\/\/sports33.fr\/index.php?rest_route=\/wp\/v2\/posts\/2278\/revisions\/2281"}],"wp:featuredmedia":[{"embeddable":true,"href":"https:\/\/sports33.fr\/index.php?rest_route=\/wp\/v2\/media\/2279"}],"wp:attachment":[{"href":"https:\/\/sports33.fr\/index.php?rest_route=%2Fwp%2Fv2%2Fmedia&parent=2278"}],"wp:term":[{"taxonomy":"category","embeddable":true,"href":"https:\/\/sports33.fr\/index.php?rest_route=%2Fwp%2Fv2%2Fcategories&post=2278"},{"taxonomy":"post_tag","embeddable":true,"href":"https:\/\/sports33.fr\/index.php?rest_route=%2Fwp%2Fv2%2Ftags&post=2278"}],"curies":[{"name":"wp","href":"https:\/\/api.w.org\/{rel}","templated":true}]}}