{"id":1677,"date":"2025-04-16T19:28:29","date_gmt":"2025-04-16T17:28:29","guid":{"rendered":"https:\/\/sports33.fr\/?p=1677"},"modified":"2025-10-05T15:02:30","modified_gmt":"2025-10-05T13:02:30","slug":"cleo-entre-deux-eaux","status":"publish","type":"post","link":"https:\/\/sports33.fr\/?p=1677","title":{"rendered":"Cl\u00e9o entre deux eaux"},"content":{"rendered":"<p>[et_pb_section fb_built=\u00a0\u00bb1&Prime; _builder_version=\u00a0\u00bb4.27.4&Prime; _module_preset=\u00a0\u00bbdefault\u00a0\u00bb global_colors_info=\u00a0\u00bb{}\u00a0\u00bb theme_builder_area=\u00a0\u00bbpost_content\u00a0\u00bb][et_pb_row _builder_version=\u00a0\u00bb4.27.4&Prime; _module_preset=\u00a0\u00bbdefault\u00a0\u00bb global_colors_info=\u00a0\u00bb{}\u00a0\u00bb theme_builder_area=\u00a0\u00bbpost_content\u00a0\u00bb][et_pb_column type=\u00a0\u00bb4_4&Prime; _builder_version=\u00a0\u00bb4.27.4&Prime; _module_preset=\u00a0\u00bbdefault\u00a0\u00bb global_colors_info=\u00a0\u00bb{}\u00a0\u00bb theme_builder_area=\u00a0\u00bbpost_content\u00a0\u00bb][et_pb_text _builder_version=\u00a0\u00bb4.27.4&Prime; _module_preset=\u00a0\u00bbdefault\u00a0\u00bb hover_enabled=\u00a0\u00bb0&Prime; global_colors_info=\u00a0\u00bb{}\u00a0\u00bb theme_builder_area=\u00a0\u00bbpost_content\u00a0\u00bb sticky_enabled=\u00a0\u00bb0&Prime;]<\/p>\n<p style=\"text-align: center;\"><b>CL\u00c9O ENTRE DEUX EAUX<\/b><\/p>\n<p><b>Revenue en Gironde au CA B\u00e8gles en d\u00e9but de saison, Cl\u00e9o Seailles s\u2019offre une pige sous le maillot \u00e0 damiers avant de d\u00e9couvrir de nouveaux horizons.<\/b><\/p>\n<p>Revenir pour partir. La saison de Cl\u00e9o Seailles, la demi-centre du CA B\u00e8gles, pourrait se r\u00e9sumer \u00e0 cette maxime. Car Cl\u00e9o jongle depuis d\u00e9sormais deux ans avec sa nouvelle vie professionnelle. Dipl\u00f4me en poche de professeur d\u2019EPS, la Lot-et-Garonnaise aujourd\u2019hui \u00e2g\u00e9e de 24 ans, a ainsi quitt\u00e9 Pessac, promu en D2, pour Bergerac o\u00f9 elle avait \u00e9t\u00e9 affect\u00e9e en tant que stagiaire \u00e0 la rentr\u00e9e 2023.<\/p>\n<p>Une ann\u00e9e malheureusement ternie par une rupture des ligaments crois\u00e9s : \u00ab\u00a0J\u2019ai loup\u00e9 de nombreux mois de comp\u00e9tition lors d\u2019une saison qui a vu Bergerac monter en D2. Mais surtout, les deux mois sur le flanc ne m\u2019ont pas permis de valider mon stage. Mon affectation pour mon premier poste en tant que professeur d\u2019EPS dans l\u2019acad\u00e9mie de Cr\u00e9teil a \u00e9t\u00e9 repouss\u00e9e d\u2019un an, le temps que je valide ce fameux stage.\u00a0Je suis revenue en Gironde cet \u00e9t\u00e9 pour \u00e7a.\u00a0\u00bb<\/p>\n<p>Une p\u00e9riode de l\u2019ann\u00e9e compliqu\u00e9e pour retrouver un club de haut niveau. En poste dans un lyc\u00e9e de B\u00e8gles, Cl\u00e9o pousse naturellement la porte du CAB : \u00ab\u00a0J\u2019ai eu un accord mais je venais en tant que quinzi\u00e8me joueuse. Comme j\u2019aime ce sport, j\u2019ai accept\u00e9 ce r\u00f4le.\u00a0\u00bb<\/p>\n<p>Une ann\u00e9e de transition pour la marmandaise qui est ballot\u00e9e entre l\u2019\u00e9quipe r\u00e9serve et la D2 : \u00ab\u00a0Je n\u2019ai pas autant de temps de jeu que je l\u2019esp\u00e9rais mais je le comprends, d\u2019autant que mon d\u00e9part pour la r\u00e9gion parisienne l\u2019an prochain est act\u00e9.\u00a0\u00bb<\/p>\n<p>En attendant, la comp\u00e9titrice a remis le bleu de chauffe et se montre toujours aussi g\u00e9n\u00e9reuse sur un terrain : \u00ab\u00a0C\u2019est mon jeu sourit-elle. Je suis une joueuse dynamique, qui a envie, qui suis dans la g\u00e9n\u00e9rosit\u00e9. Mon coach me dit d\u2019ailleurs que je devrais gommer cette spontan\u00e9it\u00e9 qui me joue des tours parfois.\u00a0\u00bb<\/p>\n<p>Pas question pour autant d\u2019enlever \u00e0 Cl\u00e9o cette fra\u00eecheur qui la caract\u00e9rise, elle qui a h\u00e9sit\u00e9 petite entre deux sports. \u00ab\u00a0Ma m\u00e8re a fait du hand, ma soeur Lalie qui a jou\u00e9 \u00e0 B\u00e8gles aussi, s\u2019y est mise \u00e9galement. Moi, je me suis d\u2019abord tourn\u00e9e vers le football. Mais je faisais partie de la derni\u00e8re g\u00e9n\u00e9ration avec des \u00e9quipes mixtes. Il n\u2019y avait pas de sections f\u00e9minines et ce n\u2019\u00e9tait pas toujours facile. Alors \u00e0 11 ans, je me suis dirig\u00e9e vers le hand.\u00a0\u00bb<\/p>\n<p>S\u2019en suit une formation \u00e0 Marmande, sa ville sous l\u2019\u00e9gide de Matthieu Gondellon. Une formation qui la m\u00e8ne jusqu\u2019\u00e0 ses 17 ans et une place en N3 : \u00ab\u00a0J\u2019\u00e9tais alors en Staps. Si la premi\u00e8re ann\u00e9e, j\u2019ai pu continuer \u00e0 jouer au Handball Club Marmandais, d\u00e8s la deuxi\u00e8me, j\u2019ai du faire un choix.\u00a0\u00bb<\/p>\n<p>Cl\u00e9o opte alors pour Pessac alors en N1. Sous les couleurs des Violettes, la demi-centre de formation qui est ensuite partie \u00e9voluer \u00e0 l\u2019aile gauche pessacaise, a progress\u00e9 jusqu\u2019\u00e0 devenir un des rouages importants de la mont\u00e9e en D2 en 2023.<\/p>\n<p>Un amour du hand que la jeune prof d\u2019EPS n\u2019entend pas d\u00e9laisser en r\u00e9gion parisienne : \u00ab\u00a0Ma soeur Lalie y est depuis un an. Je vais sans doute la rejoindre dans le m\u00eame club avec un rythme d\u2019entra\u00eenement un peu moins soutenu. Avec mon m\u00e9tier, il sera difficile d\u2019allier sport de haut niveau et vie professionnelle. C\u2019est un bon compromis.\u00a0\u00bb<\/p>\n<p>En attendant, il reste une fin de championnat \u00e0 vivre, \u00e0 commencer par ce match vendredi entre B\u00e8gles et Pessac. Un \u00ab\u00a0Seaillactico\u00a0\u00bb que Cl\u00e9o s\u2019appr\u00eate \u00e0 vivre pleinement puisqu\u2019elle jouera sur le parquet de B\u00e8gles avec l\u2019\u00e9quipe de D2 pour la premi\u00e8re fois de la saison.<\/p>\n<p>De quoi briller avant le grand d\u00e9part.<\/p>\n<p><b>Vincent Ferrandon<\/b><\/p>\n<p><b>Cr\u00e9dit photo : CA B\u00e8gles<\/b><\/p>\n<p>&nbsp;<\/p>\n<p>[\/et_pb_text][\/et_pb_column][\/et_pb_row][\/et_pb_section]<\/p>\n","protected":false},"excerpt":{"rendered":"<p>CL\u00c9O ENTRE DEUX EAUX Revenue en Gironde au CA B\u00e8gles en d\u00e9but de saison, Cl\u00e9o Seailles s\u2019offre une pige sous le maillot \u00e0 damiers avant de d\u00e9couvrir de nouveaux horizons. Revenir pour partir. La saison de Cl\u00e9o Seailles, la demi-centre du CA B\u00e8gles, pourrait se r\u00e9sumer \u00e0 cette maxime. Car Cl\u00e9o jongle depuis d\u00e9sormais deux [&hellip;]<\/p>\n","protected":false},"author":2,"featured_media":1679,"comment_status":"closed","ping_status":"closed","sticky":false,"template":"","format":"standard","meta":{"_et_pb_use_builder":"on","_et_pb_old_content":"","_et_gb_content_width":"1080","footnotes":""},"categories":[11,15],"tags":[],"class_list":["post-1677","post","type-post","status-publish","format-standard","has-post-thumbnail","hentry","category-handball","category-portrait"],"_links":{"self":[{"href":"https:\/\/sports33.fr\/index.php?rest_route=\/wp\/v2\/posts\/1677","targetHints":{"allow":["GET"]}}],"collection":[{"href":"https:\/\/sports33.fr\/index.php?rest_route=\/wp\/v2\/posts"}],"about":[{"href":"https:\/\/sports33.fr\/index.php?rest_route=\/wp\/v2\/types\/post"}],"author":[{"embeddable":true,"href":"https:\/\/sports33.fr\/index.php?rest_route=\/wp\/v2\/users\/2"}],"replies":[{"embeddable":true,"href":"https:\/\/sports33.fr\/index.php?rest_route=%2Fwp%2Fv2%2Fcomments&post=1677"}],"version-history":[{"count":2,"href":"https:\/\/sports33.fr\/index.php?rest_route=\/wp\/v2\/posts\/1677\/revisions"}],"predecessor-version":[{"id":1681,"href":"https:\/\/sports33.fr\/index.php?rest_route=\/wp\/v2\/posts\/1677\/revisions\/1681"}],"wp:featuredmedia":[{"embeddable":true,"href":"https:\/\/sports33.fr\/index.php?rest_route=\/wp\/v2\/media\/1679"}],"wp:attachment":[{"href":"https:\/\/sports33.fr\/index.php?rest_route=%2Fwp%2Fv2%2Fmedia&parent=1677"}],"wp:term":[{"taxonomy":"category","embeddable":true,"href":"https:\/\/sports33.fr\/index.php?rest_route=%2Fwp%2Fv2%2Fcategories&post=1677"},{"taxonomy":"post_tag","embeddable":true,"href":"https:\/\/sports33.fr\/index.php?rest_route=%2Fwp%2Fv2%2Ftags&post=1677"}],"curies":[{"name":"wp","href":"https:\/\/api.w.org\/{rel}","templated":true}]}}