{"id":1666,"date":"2025-04-15T18:43:35","date_gmt":"2025-04-15T16:43:35","guid":{"rendered":"https:\/\/sports33.fr\/?p=1666"},"modified":"2025-10-05T15:02:38","modified_gmt":"2025-10-05T13:02:38","slug":"les-multiples-defis-de-solene-madrange","status":"publish","type":"post","link":"https:\/\/sports33.fr\/?p=1666","title":{"rendered":"Les multiples d\u00e9fis de Sol\u00e8ne Madrange"},"content":{"rendered":"<p>[et_pb_section fb_built=\u00a0\u00bb1&Prime; _builder_version=\u00a0\u00bb4.27.4&Prime; _module_preset=\u00a0\u00bbdefault\u00a0\u00bb global_colors_info=\u00a0\u00bb{}\u00a0\u00bb theme_builder_area=\u00a0\u00bbpost_content\u00a0\u00bb][et_pb_row _builder_version=\u00a0\u00bb4.27.4&Prime; _module_preset=\u00a0\u00bbdefault\u00a0\u00bb global_colors_info=\u00a0\u00bb{}\u00a0\u00bb theme_builder_area=\u00a0\u00bbpost_content\u00a0\u00bb][et_pb_column type=\u00a0\u00bb4_4&Prime; _builder_version=\u00a0\u00bb4.27.4&Prime; _module_preset=\u00a0\u00bbdefault\u00a0\u00bb global_colors_info=\u00a0\u00bb{}\u00a0\u00bb theme_builder_area=\u00a0\u00bbpost_content\u00a0\u00bb][et_pb_text _builder_version=\u00a0\u00bb4.27.4&Prime; _module_preset=\u00a0\u00bbdefault\u00a0\u00bb hover_enabled=\u00a0\u00bb0&Prime; global_colors_info=\u00a0\u00bb{}\u00a0\u00bb theme_builder_area=\u00a0\u00bbpost_content\u00a0\u00bb sticky_enabled=\u00a0\u00bb0&Prime;]<\/p>\n<p style=\"text-align: center;\"><b>LES MULTIPLES D\u00c9FIS DE SOL\u00c8NE MADRANGE<\/b><\/p>\n<p><b>La championne de France contre-la-montre Ufolep 2024, entend se servir de ce titre pour poursuivre sur sa lanc\u00e9e avec de nombreux d\u00e9fis en t\u00eate.<\/b><\/p>\n<p>Elle se d\u00e9tache de la photo. Sur le clich\u00e9 officiel de d\u00e9but de saison de l\u2019USVC, le club cycliste de Villenave d\u2019Ornon, Sol\u00e8ne Madrange se tient au milieu du groupe, v\u00eatue de son maillot Bleu-Blanc-Rouge. Un maillot qu\u2019elle n\u2019a \u00a0cependant pas beaucoup port\u00e9 lors de ses sorties d\u2019entra\u00eenements : \u00ab Celui que je poss\u00e8dais \u00e9tait taill\u00e9 trop grand pour moi. Je flottais un peu dedans et je ne le mettais donc pas. Mais le probl\u00e8me est r\u00e9solu. J&rsquo;ai re\u00e7u une combinaison \u00e0 ma taille. \u00bb<\/p>\n<p>Un ensemble comme une r\u00e9compense pour la cycliste qui a enlev\u00e9 de titre de championne de France contre-la-montre en Ufolep en septembre dernier : \u00ab Il s\u2019agissait de ma premi\u00e8re participation. Remporter ce titre sonne comme un aboutissement aux efforts consentis \u00bb se r\u00e9jouit modestement la cycliste de 28 ans qui est pass\u00e9e du Guidon Macairien \u00e0 l\u2019USVC cet hiver.<span class=\"Apple-converted-space\">\u00a0<\/span><\/p>\n<p>Un maillot tricolore qui n\u2019\u00e9tait pas une \u00e9vidence pour Sol\u00e8ne qui pratique le cyclisme depuis 10 ans apr\u00e8s avoir d\u00e9but\u00e9 dans une autre discipline : \u00ab\u00a0J\u2019ai besoin de me d\u00e9penser, de faire du sport. Je suis une grande fan de triathlon que j\u2019ai pratiqu\u00e9 durant de nombreuses ann\u00e9es de mes 8 ans jusqu\u2019\u00e0 mes 18 ans. J\u2019aime les efforts longs, intenses. Le triathlon m\u2019offrait cette possibilit\u00e9. Puis je suis partie faire mes \u00e9tudes \u00e0 Orl\u00e9ans et j\u2019ai tout arr\u00eat\u00e9 pendant un an avant que le virus du sport ne me reprenne. Je me suis alors tourn\u00e9e vers le cyclisme. Mais comme toujours, pour moi, le sport, c\u2019est la comp\u00e9tition. Je me suis alors investie pleinement sur mon v\u00e9lo.\u00a0\u00bb<\/p>\n<p>Des aptitudes qui ont fait remplir l\u2019armoire \u00e0 troph\u00e9e de la cycliste install\u00e9e en Gironde depuis de nombreuses ann\u00e9es : \u00ab\u00a0Je compte des titres d\u00e9partementaux et r\u00e9gionaux en cat\u00e9gorie Ufolep. Si ma sp\u00e9cialit\u00e9 reste le contre-la-montre, je me suis aussi essay\u00e9e sur la route. J\u2019aime les parcours roulants. Je suis peut-\u00eatre un peu moins \u00e0 l\u2019aise avec de forts d\u00e9nivel\u00e9s mais je me d\u00e9brouille quand m\u00eame. Disons aussi que je suis plus endurante que rapide.\u00a0\u00bb<\/p>\n<p>Des qualit\u00e9s qui ont pouss\u00e9 Sol\u00e8ne \u00e0 tenter sa chance plus haut, en DN2. Mais le niveau et le fait de devoir combiner v\u00e9lo et activit\u00e9 professionnelle n\u2019a pas permis \u00e0 la girondine d\u2019adoption d\u2019aller voir plus haut. Modeste, elle assure \u00ab\u00a0ne pas boxer dans la m\u00eame cat\u00e9gorie que des filles qui sont presque pros. Une ann\u00e9e, j\u2019ai m\u00eame pris le d\u00e9part d\u2019un championnat de France Elite. Mais que faire face \u00e0 des filles comme Pauline Ferrand-Pr\u00e9vot par exemple.\u00a0\u00bb<\/p>\n<p>Ce qui n\u2018emp\u00eache pas la championne de France Ufolep de clm d\u2019effectuer des sorties d\u00e8s qu\u2019elle le peut : \u00ab\u00a0Mon v\u00e9lo n\u2019est jamais tr\u00e8s loin de moi, sourit-elle. L\u2019an dernier, j\u2019ai roul\u00e9 13 000 km. Et depuis le d\u00e9but de l\u2019ann\u00e9e 2025, j\u2019en suis d\u00e9j\u00e0 \u00e0 3 700.\u00a0\u00bb<\/p>\n<p>Des kilom\u00e8tres de bitume aval\u00e9s qui pourraient bien \u00eatre utiles pour les prochaines \u00e9ch\u00e9ances. : \u00ab\u00a0J\u2019aimerais bien conserver mon titre en contre-la-montre cette ann\u00e9e, assure Sol\u00e8ne. Mais la course pourrait \u00eatre annul\u00e9e en 2025 \u00e0 cause d\u2019un circuit qui ne serait pas conforme. Si \u00e7a devait arriver, je garderai une ann\u00e9e de plus mon titre, rigole-t-elle. Et puis, j\u2019aimerais aussi bien me classer lors du championnat de France Ufolep sur route qui auront lieu cette ann\u00e9e dans les Landes.\u00a0\u00bb<\/p>\n<p>Des objectifs qu\u2019il faudra partager avec d\u2019autres. Car Sol\u00e8ne Madrange a renou\u00e9 r\u00e9cemment avec son amour de jeunesse en red\u00e9couvrant le triathlon : \u00ab\u00a0Je m\u2019y suis remise. \u00c7a me manquait.\u00a0Je compte \u00eatre au d\u00e9part de quelques courses aussi dans cette discipline cette saison.\u00bb<\/p>\n<p>L\u2019ann\u00e9e 2025 de la sportive multi-disciplines promet d\u2019\u00eatre charg\u00e9e et intense.<\/p>\n<p><b>Vincent Ferrandon<span class=\"Apple-converted-space\">\u00a0<\/span><\/b><\/p>\n<p><b>Cr\u00e9dit photo : Herv\u00e9 Bibou\/USVC<\/b><\/p>\n<p>[\/et_pb_text][\/et_pb_column][\/et_pb_row][\/et_pb_section]<\/p>\n","protected":false},"excerpt":{"rendered":"<p>LES MULTIPLES D\u00c9FIS DE SOL\u00c8NE MADRANGE La championne de France contre-la-montre Ufolep 2024, entend se servir de ce titre pour poursuivre sur sa lanc\u00e9e avec de nombreux d\u00e9fis en t\u00eate. Elle se d\u00e9tache de la photo. Sur le clich\u00e9 officiel de d\u00e9but de saison de l\u2019USVC, le club cycliste de Villenave d\u2019Ornon, Sol\u00e8ne Madrange se [&hellip;]<\/p>\n","protected":false},"author":2,"featured_media":1643,"comment_status":"closed","ping_status":"closed","sticky":false,"template":"","format":"standard","meta":{"_et_pb_use_builder":"on","_et_pb_old_content":"","_et_gb_content_width":"1080","footnotes":""},"categories":[22,15],"tags":[],"class_list":["post-1666","post","type-post","status-publish","format-standard","has-post-thumbnail","hentry","category-cyclisme","category-portrait"],"_links":{"self":[{"href":"https:\/\/sports33.fr\/index.php?rest_route=\/wp\/v2\/posts\/1666","targetHints":{"allow":["GET"]}}],"collection":[{"href":"https:\/\/sports33.fr\/index.php?rest_route=\/wp\/v2\/posts"}],"about":[{"href":"https:\/\/sports33.fr\/index.php?rest_route=\/wp\/v2\/types\/post"}],"author":[{"embeddable":true,"href":"https:\/\/sports33.fr\/index.php?rest_route=\/wp\/v2\/users\/2"}],"replies":[{"embeddable":true,"href":"https:\/\/sports33.fr\/index.php?rest_route=%2Fwp%2Fv2%2Fcomments&post=1666"}],"version-history":[{"count":3,"href":"https:\/\/sports33.fr\/index.php?rest_route=\/wp\/v2\/posts\/1666\/revisions"}],"predecessor-version":[{"id":1670,"href":"https:\/\/sports33.fr\/index.php?rest_route=\/wp\/v2\/posts\/1666\/revisions\/1670"}],"wp:featuredmedia":[{"embeddable":true,"href":"https:\/\/sports33.fr\/index.php?rest_route=\/wp\/v2\/media\/1643"}],"wp:attachment":[{"href":"https:\/\/sports33.fr\/index.php?rest_route=%2Fwp%2Fv2%2Fmedia&parent=1666"}],"wp:term":[{"taxonomy":"category","embeddable":true,"href":"https:\/\/sports33.fr\/index.php?rest_route=%2Fwp%2Fv2%2Fcategories&post=1666"},{"taxonomy":"post_tag","embeddable":true,"href":"https:\/\/sports33.fr\/index.php?rest_route=%2Fwp%2Fv2%2Ftags&post=1666"}],"curies":[{"name":"wp","href":"https:\/\/api.w.org\/{rel}","templated":true}]}}